{"id":1123,"date":"2025-04-23T17:38:53","date_gmt":"2025-04-23T15:38:53","guid":{"rendered":"https:\/\/assolabergerie.fr\/?p=1123"},"modified":"2025-05-28T12:36:47","modified_gmt":"2025-05-28T10:36:47","slug":"le-samedi-24-mai-2025-a-20h00-soiree-film-et-sortie-naturaliste-en-presence-du-realisateur","status":"publish","type":"post","link":"https:\/\/assolabergerie.fr\/index.php\/2025\/04\/23\/le-samedi-24-mai-2025-a-20h00-soiree-film-et-sortie-naturaliste-en-presence-du-realisateur\/","title":{"rendered":"LE SAMEDI 24 MAI 2025 \u00c0 20h00 <br>  SOIR\u00c9E FILM ET SORTIE NATURALISTE EN PR\u00c9SENCE\u00a0DU R\u00c9ALISATEUR"},"content":{"rendered":"<p><div class=\"fusion-fullwidth fullwidth-box fusion-builder-row-1 fusion-flex-container has-pattern-background has-mask-background nonhundred-percent-fullwidth non-hundred-percent-height-scrolling\" style=\"--awb-border-radius-top-left:0px;--awb-border-radius-top-right:0px;--awb-border-radius-bottom-right:0px;--awb-border-radius-bottom-left:0px;--awb-flex-wrap:wrap;\" ><div class=\"fusion-builder-row fusion-row fusion-flex-align-items-flex-start fusion-flex-content-wrap\" style=\"max-width:1248px;margin-left: calc(-4% \/ 2 );margin-right: calc(-4% \/ 2 );\"><div class=\"fusion-layout-column fusion_builder_column fusion-builder-column-0 fusion_builder_column_2_3 2_3 fusion-flex-column\" style=\"--awb-padding-top:18px;--awb-bg-size:cover;--awb-width-large:66.666666666667%;--awb-margin-top-large:0px;--awb-spacing-right-large:2.88%;--awb-margin-bottom-large:20px;--awb-spacing-left-large:2.88%;--awb-width-medium:66.666666666667%;--awb-order-medium:0;--awb-spacing-right-medium:2.88%;--awb-spacing-left-medium:2.88%;--awb-width-small:100%;--awb-order-small:0;--awb-spacing-right-small:1.92%;--awb-spacing-left-small:1.92%;\"><div class=\"fusion-column-wrapper fusion-column-has-shadow fusion-flex-justify-content-flex-start fusion-content-layout-column\"><div class=\"fusion-text fusion-text-1\"><p style=\"text-align: center;\">\u00ab Noctules, ces myst\u00e9rieuses chauves-souris \u00bb,<br \/>\nFilm documentaire de Hugo et Nathan Braconnier,<br \/>\nProd : Monalisa et Un brin de Nature<br \/>\n52 minutes<\/p>\n<p style=\"text-align: center;\">Dans l\u2019ouest de la France, trois \u00e9quipes de scientifiques mettent en place des \u00e9tudes afin de comprendre les d\u00e9placements de certaines chauves-souris\u00a0: les Noctules. Ces naturalistes passionn\u00e9s traquent jour et nuit ces petits mammif\u00e8res volants.<\/p>\n<p>La nuit tomb\u00e9e, les noctules s\u2019\u00e9lancent vers leur territoire de chasse. Les balises GPS fix\u00e9es sur leurs dos vont permettre aux scientifiques de percer le myst\u00e8re de ces chauves-souris m\u00e9connues. Ils vont faire des d\u00e9couvertes surprenantes sur leur mode de vie.<\/p>\n<p>Face \u00e0 leur population en forte baisse, les scientifiques esp\u00e8rent gr\u00e2ce aux informations r\u00e9colt\u00e9es, mieux prot\u00e9ger ce petit mammif\u00e8re fascinant.<\/p>\n<p style=\"text-align: center;\"><strong>Le r\u00e9alisateur, Hugo Braconnier, sera pr\u00e9sent pour \u00e9changer \u00e0 la fin de la projection, autour du film et des chauves-souris. Une sortie en ext\u00e9rieur\u00a0sera organis\u00e9e suite \u00e0 l&rsquo;\u00e9change avec le public.<\/strong><\/p>\n<\/div><\/div><\/div><\/div><\/div><div class=\"fusion-fullwidth fullwidth-box fusion-builder-row-2 fusion-flex-container has-pattern-background has-mask-background nonhundred-percent-fullwidth non-hundred-percent-height-scrolling\" style=\"--awb-border-radius-top-left:0px;--awb-border-radius-top-right:0px;--awb-border-radius-bottom-right:0px;--awb-border-radius-bottom-left:0px;--awb-flex-wrap:wrap;\" ><div class=\"fusion-builder-row fusion-row fusion-flex-align-items-flex-start fusion-flex-content-wrap\" style=\"max-width:1248px;margin-left: calc(-4% \/ 2 );margin-right: calc(-4% \/ 2 );\"><div class=\"fusion-layout-column fusion_builder_column fusion-builder-column-1 fusion_builder_column_1_3 1_3 fusion-flex-column\" style=\"--awb-bg-size:cover;--awb-width-large:33.333333333333%;--awb-margin-top-large:0px;--awb-spacing-right-large:5.76%;--awb-margin-bottom-large:20px;--awb-spacing-left-large:5.76%;--awb-width-medium:33.333333333333%;--awb-order-medium:0;--awb-spacing-right-medium:5.76%;--awb-spacing-left-medium:5.76%;--awb-width-small:100%;--awb-order-small:0;--awb-spacing-right-small:1.92%;--awb-spacing-left-small:1.92%;\"><div class=\"fusion-column-wrapper fusion-column-has-shadow fusion-flex-justify-content-flex-start fusion-content-layout-column\"><div class=\"fusion-title title fusion-title-1 fusion-sep-none fusion-title-text fusion-title-size-four\"><h4 class=\"fusion-title-heading title-heading-left\" style=\"margin:0;\">INFOS PRATIQUES<\/h4><\/div><\/div><\/div><div class=\"fusion-layout-column fusion_builder_column fusion-builder-column-2 fusion_builder_column_2_3 2_3 fusion-flex-column\" style=\"--awb-padding-top:18px;--awb-bg-size:cover;--awb-width-large:66.666666666667%;--awb-margin-top-large:0px;--awb-spacing-right-large:2.88%;--awb-margin-bottom-large:20px;--awb-spacing-left-large:2.88%;--awb-width-medium:66.666666666667%;--awb-order-medium:0;--awb-spacing-right-medium:2.88%;--awb-spacing-left-medium:2.88%;--awb-width-small:100%;--awb-order-small:0;--awb-spacing-right-small:1.92%;--awb-spacing-left-small:1.92%;\"><div class=\"fusion-column-wrapper fusion-column-has-shadow fusion-flex-justify-content-flex-start fusion-content-layout-column\"><div class=\"fusion-text fusion-text-2\"><p>O\u00f9 ?\u00a0A la\u00a0Bergerie\u00a0de Saint-Etienne-en-Quint. Entrer dans la Vall\u00e9e de Quint \u00e0 St Croix (26150), suivre St Julien en Quint. Tourner \u00e0 droite vers Saint Etienne en Quint au panneau. Arriv\u00e9e au village, se garer \u00e0 gauche \u00e0 l&rsquo;entr\u00e9e du village, tourner \u00e0 droite et tourner \u00e0 gauche juste apr\u00e8s le lavoir.<br \/>\n44\u00b048&rsquo;36.9&Prime;N 5\u00b016&rsquo;09.1&Prime;E<br \/>\nR769+3MW Saint-And\u00e9ol<\/p>\n<p>Quand ?\u00a0Le\u00a024 mai 2025. Ouverture de la\u00a0Bergerie\u00a0\u00e0 19h30 &#8211; Projection \u00e0 20h, suivie d\u2019une discussion et d&rsquo;une sortie naturaliste dans la vall\u00e9e de Quint.<\/p>\n<p>C\u2019est payant ? L\u2019entr\u00e9e sera au prix de 5 euros minimum conseill\u00e9s (dont 2 euros d\u2019adh\u00e9sion qui g\u00e8re la Bergerie + 0,50 euros de participation pour la salle + 2,50 euros de soutien au film). La mairie de St And\u00e9ol compl\u00e8te, gr\u00e2ce \u00e0 la Dotation biodiversit\u00e9, pour permettre la venue du r\u00e9alisateur.<\/p>\n<p>Il ne vous reste plus qu\u2019\u00e0 nous dire si vous pensez \u00eatre pr\u00e9sents ou non, par mail : expertisenaturaliste@gmail.com, afin que l&rsquo;on puisse jauger le nombre de places \u00e0 installer.<\/p>\n<p>N&rsquo;h\u00e9sitez pas \u00e0 partager l&rsquo;information !<\/p>\n<p>A tr\u00e8s vite,<\/p>\n<p>Thibaut Lacombe &#8211; Expertise naturaliste<br \/>\nmail : expertisenaturaliste@gmail.com<br \/>\nsite Internet : <a href=\"https:\/\/www.monticola.fr\/actualit%C3%A9s\/\">Monticola<\/a><br \/>\nt\u00e9l : 07.81.37.37.79<\/p>\n<\/div><\/div><\/div><\/div><\/div><\/p>\n","protected":false},"excerpt":{"rendered":"","protected":false},"author":1,"featured_media":1125,"comment_status":"closed","ping_status":"open","sticky":false,"template":"","format":"standard","meta":{"footnotes":""},"categories":[12],"tags":[],"class_list":["post-1123","post","type-post","status-publish","format-standard","has-post-thumbnail","hentry","category-archives-2025"],"yoast_head":"<!-- This site is optimized with the Yoast SEO plugin v27.5 - https:\/\/yoast.com\/product\/yoast-seo-wordpress\/ -->\n<title>LE SAMEDI 24 MAI 2025 \u00c0 20h00  SOIR\u00c9E FILM ET SORTIE NATURALISTE EN PR\u00c9SENCE\u00a0DU R\u00c9ALISATEUR - ASSOCIATION LA BERGERIE<\/title>\n<meta name=\"description\" content=\"\u00abNoctules, ces myst\u00e9rieuses chauves-souris \u00bb, Film documentaire de Hugo et Nathan Braconnier,\u00a0Prod : Monalisa et Un brin de Nature 52 minutes.\u00a0Le r\u00e9alisateur, Hugo Braconnier, sera pr\u00e9sent pour \u00e9changer \u00e0 la fin de la projection, autour du film et des chauves-souris. Une sortie en ext\u00e9rieur\u00a0sera organis\u00e9e suite \u00e0 l&#039;\u00e9change avec le public. Dans l\u2019ouest de la France, trois \u00e9quipes de scientifiques mettent en place des \u00e9tudes afin de comprendre les d\u00e9placements de certaines chauves-souris\u00a0: les Noctules. Ces naturalistes passionn\u00e9s traquent jour et nuit ces petits mammif\u00e8res volants.\u00a0La nuit tomb\u00e9e, les noctules s\u2019\u00e9lancent vers leur territoire de chasse. Les balises GPS fix\u00e9es sur leurs dos vont permettre aux scientifiques de percer le myst\u00e8re de ces chauves-souris m\u00e9connues. Ils vont faire des d\u00e9couvertes surprenantes sur leur mode de vie.\u00a0Face \u00e0 leur population en forte baisse, les scientifiques esp\u00e8rent gr\u00e2ce aux informations r\u00e9colt\u00e9es, mieux prot\u00e9ger ce petit mammif\u00e8re fascinant.\" \/>\n<meta name=\"robots\" content=\"index, follow, max-snippet:-1, max-image-preview:large, max-video-preview:-1\" \/>\n<link rel=\"canonical\" href=\"https:\/\/assolabergerie.fr\/index.php\/2025\/04\/23\/le-samedi-24-mai-2025-a-20h00-soiree-film-et-sortie-naturaliste-en-presence-du-realisateur\/\" \/>\n<meta property=\"og:locale\" content=\"fr_FR\" \/>\n<meta property=\"og:type\" content=\"article\" \/>\n<meta property=\"og:title\" content=\"LE SAMEDI 24 MAI 2025 \u00c0 20h00  SOIR\u00c9E FILM ET SORTIE NATURALISTE EN PR\u00c9SENCE\u00a0DU R\u00c9ALISATEUR - ASSOCIATION LA BERGERIE\" \/>\n<meta property=\"og:description\" content=\"\u00abNoctules, ces myst\u00e9rieuses chauves-souris \u00bb, Film documentaire de Hugo et Nathan Braconnier,\u00a0Prod : Monalisa et Un brin de Nature 52 minutes.\u00a0Le r\u00e9alisateur, Hugo Braconnier, sera pr\u00e9sent pour \u00e9changer \u00e0 la fin de la projection, autour du film et des chauves-souris. Une sortie en ext\u00e9rieur\u00a0sera organis\u00e9e suite \u00e0 l&#039;\u00e9change avec le public. Dans l\u2019ouest de la France, trois \u00e9quipes de scientifiques mettent en place des \u00e9tudes afin de comprendre les d\u00e9placements de certaines chauves-souris\u00a0: les Noctules. Ces naturalistes passionn\u00e9s traquent jour et nuit ces petits mammif\u00e8res volants.\u00a0La nuit tomb\u00e9e, les noctules s\u2019\u00e9lancent vers leur territoire de chasse. Les balises GPS fix\u00e9es sur leurs dos vont permettre aux scientifiques de percer le myst\u00e8re de ces chauves-souris m\u00e9connues. Ils vont faire des d\u00e9couvertes surprenantes sur leur mode de vie.\u00a0Face \u00e0 leur population en forte baisse, les scientifiques esp\u00e8rent gr\u00e2ce aux informations r\u00e9colt\u00e9es, mieux prot\u00e9ger ce petit mammif\u00e8re fascinant.\" \/>\n<meta property=\"og:url\" content=\"https:\/\/assolabergerie.fr\/index.php\/2025\/04\/23\/le-samedi-24-mai-2025-a-20h00-soiree-film-et-sortie-naturaliste-en-presence-du-realisateur\/\" \/>\n<meta property=\"og:site_name\" content=\"ASSOCIATION LA BERGERIE\" \/>\n<meta property=\"article:published_time\" content=\"2025-04-23T15:38:53+00:00\" \/>\n<meta property=\"article:modified_time\" content=\"2025-05-28T10:36:47+00:00\" \/>\n<meta property=\"og:image\" content=\"https:\/\/assolabergerie.fr\/wp-content\/uploads\/2025\/04\/noctules.png\" \/>\n\t<meta property=\"og:image:width\" content=\"1391\" \/>\n\t<meta property=\"og:image:height\" content=\"621\" \/>\n\t<meta property=\"og:image:type\" content=\"image\/png\" \/>\n<meta name=\"author\" content=\"Mathilde\" \/>\n<meta name=\"twitter:card\" content=\"summary_large_image\" \/>\n<meta name=\"twitter:label1\" content=\"\u00c9crit par\" \/>\n\t<meta name=\"twitter:data1\" content=\"Mathilde\" \/>\n\t<meta name=\"twitter:label2\" content=\"Dur\u00e9e de lecture estim\u00e9e\" \/>\n\t<meta name=\"twitter:data2\" content=\"2 minutes\" \/>\n<script type=\"application\/ld+json\" class=\"yoast-schema-graph\">{\"@context\":\"https:\\\/\\\/schema.org\",\"@graph\":[{\"@type\":\"Article\",\"@id\":\"https:\\\/\\\/assolabergerie.fr\\\/index.php\\\/2025\\\/04\\\/23\\\/le-samedi-24-mai-2025-a-20h00-soiree-film-et-sortie-naturaliste-en-presence-du-realisateur\\\/#article\",\"isPartOf\":{\"@id\":\"https:\\\/\\\/assolabergerie.fr\\\/index.php\\\/2025\\\/04\\\/23\\\/le-samedi-24-mai-2025-a-20h00-soiree-film-et-sortie-naturaliste-en-presence-du-realisateur\\\/\"},\"author\":{\"name\":\"Mathilde\",\"@id\":\"https:\\\/\\\/assolabergerie.fr\\\/#\\\/schema\\\/person\\\/73f7c2e955339a281e8a77a268ed8aea\"},\"headline\":\"LE SAMEDI 24 MAI 2025 \u00c0 20h00 SOIR\u00c9E FILM ET SORTIE NATURALISTE EN PR\u00c9SENCE\u00a0DU R\u00c9ALISATEUR\",\"datePublished\":\"2025-04-23T15:38:53+00:00\",\"dateModified\":\"2025-05-28T10:36:47+00:00\",\"mainEntityOfPage\":{\"@id\":\"https:\\\/\\\/assolabergerie.fr\\\/index.php\\\/2025\\\/04\\\/23\\\/le-samedi-24-mai-2025-a-20h00-soiree-film-et-sortie-naturaliste-en-presence-du-realisateur\\\/\"},\"wordCount\":1892,\"publisher\":{\"@id\":\"https:\\\/\\\/assolabergerie.fr\\\/#organization\"},\"image\":{\"@id\":\"https:\\\/\\\/assolabergerie.fr\\\/index.php\\\/2025\\\/04\\\/23\\\/le-samedi-24-mai-2025-a-20h00-soiree-film-et-sortie-naturaliste-en-presence-du-realisateur\\\/#primaryimage\"},\"thumbnailUrl\":\"https:\\\/\\\/assolabergerie.fr\\\/wp-content\\\/uploads\\\/2025\\\/04\\\/noctules.png\",\"articleSection\":[\"Archive 2025\"],\"inLanguage\":\"fr-FR\"},{\"@type\":\"WebPage\",\"@id\":\"https:\\\/\\\/assolabergerie.fr\\\/index.php\\\/2025\\\/04\\\/23\\\/le-samedi-24-mai-2025-a-20h00-soiree-film-et-sortie-naturaliste-en-presence-du-realisateur\\\/\",\"url\":\"https:\\\/\\\/assolabergerie.fr\\\/index.php\\\/2025\\\/04\\\/23\\\/le-samedi-24-mai-2025-a-20h00-soiree-film-et-sortie-naturaliste-en-presence-du-realisateur\\\/\",\"name\":\"LE SAMEDI 24 MAI 2025 \u00c0 20h00 SOIR\u00c9E FILM ET SORTIE NATURALISTE EN PR\u00c9SENCE\u00a0DU R\u00c9ALISATEUR - ASSOCIATION LA BERGERIE\",\"isPartOf\":{\"@id\":\"https:\\\/\\\/assolabergerie.fr\\\/#website\"},\"primaryImageOfPage\":{\"@id\":\"https:\\\/\\\/assolabergerie.fr\\\/index.php\\\/2025\\\/04\\\/23\\\/le-samedi-24-mai-2025-a-20h00-soiree-film-et-sortie-naturaliste-en-presence-du-realisateur\\\/#primaryimage\"},\"image\":{\"@id\":\"https:\\\/\\\/assolabergerie.fr\\\/index.php\\\/2025\\\/04\\\/23\\\/le-samedi-24-mai-2025-a-20h00-soiree-film-et-sortie-naturaliste-en-presence-du-realisateur\\\/#primaryimage\"},\"thumbnailUrl\":\"https:\\\/\\\/assolabergerie.fr\\\/wp-content\\\/uploads\\\/2025\\\/04\\\/noctules.png\",\"datePublished\":\"2025-04-23T15:38:53+00:00\",\"dateModified\":\"2025-05-28T10:36:47+00:00\",\"description\":\"\u00abNoctules, ces myst\u00e9rieuses chauves-souris \u00bb, Film documentaire de Hugo et Nathan Braconnier,\u00a0Prod : Monalisa et Un brin de Nature 52 minutes.\u00a0Le r\u00e9alisateur, Hugo Braconnier, sera pr\u00e9sent pour \u00e9changer \u00e0 la fin de la projection, autour du film et des chauves-souris. Une sortie en ext\u00e9rieur\u00a0sera organis\u00e9e suite \u00e0 l'\u00e9change avec le public. Dans l\u2019ouest de la France, trois \u00e9quipes de scientifiques mettent en place des \u00e9tudes afin de comprendre les d\u00e9placements de certaines chauves-souris\u00a0: les Noctules. Ces naturalistes passionn\u00e9s traquent jour et nuit ces petits mammif\u00e8res volants.\u00a0La nuit tomb\u00e9e, les noctules s\u2019\u00e9lancent vers leur territoire de chasse. Les balises GPS fix\u00e9es sur leurs dos vont permettre aux scientifiques de percer le myst\u00e8re de ces chauves-souris m\u00e9connues. Ils vont faire des d\u00e9couvertes surprenantes sur leur mode de vie.\u00a0Face \u00e0 leur population en forte baisse, les scientifiques esp\u00e8rent gr\u00e2ce aux informations r\u00e9colt\u00e9es, mieux prot\u00e9ger ce petit mammif\u00e8re fascinant.\",\"breadcrumb\":{\"@id\":\"https:\\\/\\\/assolabergerie.fr\\\/index.php\\\/2025\\\/04\\\/23\\\/le-samedi-24-mai-2025-a-20h00-soiree-film-et-sortie-naturaliste-en-presence-du-realisateur\\\/#breadcrumb\"},\"inLanguage\":\"fr-FR\",\"potentialAction\":[{\"@type\":\"ReadAction\",\"target\":[\"https:\\\/\\\/assolabergerie.fr\\\/index.php\\\/2025\\\/04\\\/23\\\/le-samedi-24-mai-2025-a-20h00-soiree-film-et-sortie-naturaliste-en-presence-du-realisateur\\\/\"]}]},{\"@type\":\"ImageObject\",\"inLanguage\":\"fr-FR\",\"@id\":\"https:\\\/\\\/assolabergerie.fr\\\/index.php\\\/2025\\\/04\\\/23\\\/le-samedi-24-mai-2025-a-20h00-soiree-film-et-sortie-naturaliste-en-presence-du-realisateur\\\/#primaryimage\",\"url\":\"https:\\\/\\\/assolabergerie.fr\\\/wp-content\\\/uploads\\\/2025\\\/04\\\/noctules.png\",\"contentUrl\":\"https:\\\/\\\/assolabergerie.fr\\\/wp-content\\\/uploads\\\/2025\\\/04\\\/noctules.png\",\"width\":1391,\"height\":621,\"caption\":\"\u00ab Noctules, ces myst\u00e9rieuses chauves-souris \u00bb, Film documentaire de Hugo et Nathan Braconnier,\u00a0 Prod : Monalisa et Un brin de Nature 52 minutes\u00a0\"},{\"@type\":\"BreadcrumbList\",\"@id\":\"https:\\\/\\\/assolabergerie.fr\\\/index.php\\\/2025\\\/04\\\/23\\\/le-samedi-24-mai-2025-a-20h00-soiree-film-et-sortie-naturaliste-en-presence-du-realisateur\\\/#breadcrumb\",\"itemListElement\":[{\"@type\":\"ListItem\",\"position\":1,\"name\":\"Accueil\",\"item\":\"https:\\\/\\\/assolabergerie.fr\\\/\"},{\"@type\":\"ListItem\",\"position\":2,\"name\":\"LE SAMEDI 24 MAI 2025 \u00c0 20h00 SOIR\u00c9E FILM ET SORTIE NATURALISTE EN PR\u00c9SENCE\u00a0DU R\u00c9ALISATEUR\"}]},{\"@type\":\"WebSite\",\"@id\":\"https:\\\/\\\/assolabergerie.fr\\\/#website\",\"url\":\"https:\\\/\\\/assolabergerie.fr\\\/\",\"name\":\"ASSOCIATION LA BERGERIE\",\"description\":\"\",\"publisher\":{\"@id\":\"https:\\\/\\\/assolabergerie.fr\\\/#organization\"},\"potentialAction\":[{\"@type\":\"SearchAction\",\"target\":{\"@type\":\"EntryPoint\",\"urlTemplate\":\"https:\\\/\\\/assolabergerie.fr\\\/?s={search_term_string}\"},\"query-input\":{\"@type\":\"PropertyValueSpecification\",\"valueRequired\":true,\"valueName\":\"search_term_string\"}}],\"inLanguage\":\"fr-FR\"},{\"@type\":\"Organization\",\"@id\":\"https:\\\/\\\/assolabergerie.fr\\\/#organization\",\"name\":\"Association La Bergerie\",\"url\":\"https:\\\/\\\/assolabergerie.fr\\\/\",\"logo\":{\"@type\":\"ImageObject\",\"inLanguage\":\"fr-FR\",\"@id\":\"https:\\\/\\\/assolabergerie.fr\\\/#\\\/schema\\\/logo\\\/image\\\/\",\"url\":\"https:\\\/\\\/assolabergerie.fr\\\/wp-content\\\/uploads\\\/2023\\\/09\\\/faviconBrebis.png\",\"contentUrl\":\"https:\\\/\\\/assolabergerie.fr\\\/wp-content\\\/uploads\\\/2023\\\/09\\\/faviconBrebis.png\",\"width\":64,\"height\":64,\"caption\":\"Association La Bergerie\"},\"image\":{\"@id\":\"https:\\\/\\\/assolabergerie.fr\\\/#\\\/schema\\\/logo\\\/image\\\/\"}},{\"@type\":\"Person\",\"@id\":\"https:\\\/\\\/assolabergerie.fr\\\/#\\\/schema\\\/person\\\/73f7c2e955339a281e8a77a268ed8aea\",\"name\":\"Mathilde\",\"image\":{\"@type\":\"ImageObject\",\"inLanguage\":\"fr-FR\",\"@id\":\"https:\\\/\\\/secure.gravatar.com\\\/avatar\\\/5def61855c654ea84c356c5ef8511abb96dcecd5a657c6b8f232e8fed733e23d?s=96&d=mm&r=g\",\"url\":\"https:\\\/\\\/secure.gravatar.com\\\/avatar\\\/5def61855c654ea84c356c5ef8511abb96dcecd5a657c6b8f232e8fed733e23d?s=96&d=mm&r=g\",\"contentUrl\":\"https:\\\/\\\/secure.gravatar.com\\\/avatar\\\/5def61855c654ea84c356c5ef8511abb96dcecd5a657c6b8f232e8fed733e23d?s=96&d=mm&r=g\",\"caption\":\"Mathilde\"},\"sameAs\":[\"http:\\\/\\\/assolabergerie.fr\"],\"url\":\"https:\\\/\\\/assolabergerie.fr\\\/index.php\\\/author\\\/admin1535\\\/\"}]}<\/script>\n<!-- \/ Yoast SEO plugin. -->","yoast_head_json":{"title":"LE SAMEDI 24 MAI 2025 \u00c0 20h00  SOIR\u00c9E FILM ET SORTIE NATURALISTE EN PR\u00c9SENCE\u00a0DU R\u00c9ALISATEUR - ASSOCIATION LA BERGERIE","description":"\u00abNoctules, ces myst\u00e9rieuses chauves-souris \u00bb, Film documentaire de Hugo et Nathan Braconnier,\u00a0Prod : Monalisa et Un brin de Nature 52 minutes.\u00a0Le r\u00e9alisateur, Hugo Braconnier, sera pr\u00e9sent pour \u00e9changer \u00e0 la fin de la projection, autour du film et des chauves-souris. Une sortie en ext\u00e9rieur\u00a0sera organis\u00e9e suite \u00e0 l'\u00e9change avec le public. Dans l\u2019ouest de la France, trois \u00e9quipes de scientifiques mettent en place des \u00e9tudes afin de comprendre les d\u00e9placements de certaines chauves-souris\u00a0: les Noctules. Ces naturalistes passionn\u00e9s traquent jour et nuit ces petits mammif\u00e8res volants.\u00a0La nuit tomb\u00e9e, les noctules s\u2019\u00e9lancent vers leur territoire de chasse. Les balises GPS fix\u00e9es sur leurs dos vont permettre aux scientifiques de percer le myst\u00e8re de ces chauves-souris m\u00e9connues. Ils vont faire des d\u00e9couvertes surprenantes sur leur mode de vie.\u00a0Face \u00e0 leur population en forte baisse, les scientifiques esp\u00e8rent gr\u00e2ce aux informations r\u00e9colt\u00e9es, mieux prot\u00e9ger ce petit mammif\u00e8re fascinant.","robots":{"index":"index","follow":"follow","max-snippet":"max-snippet:-1","max-image-preview":"max-image-preview:large","max-video-preview":"max-video-preview:-1"},"canonical":"https:\/\/assolabergerie.fr\/index.php\/2025\/04\/23\/le-samedi-24-mai-2025-a-20h00-soiree-film-et-sortie-naturaliste-en-presence-du-realisateur\/","og_locale":"fr_FR","og_type":"article","og_title":"LE SAMEDI 24 MAI 2025 \u00c0 20h00  SOIR\u00c9E FILM ET SORTIE NATURALISTE EN PR\u00c9SENCE\u00a0DU R\u00c9ALISATEUR - ASSOCIATION LA BERGERIE","og_description":"\u00abNoctules, ces myst\u00e9rieuses chauves-souris \u00bb, Film documentaire de Hugo et Nathan Braconnier,\u00a0Prod : Monalisa et Un brin de Nature 52 minutes.\u00a0Le r\u00e9alisateur, Hugo Braconnier, sera pr\u00e9sent pour \u00e9changer \u00e0 la fin de la projection, autour du film et des chauves-souris. Une sortie en ext\u00e9rieur\u00a0sera organis\u00e9e suite \u00e0 l'\u00e9change avec le public. Dans l\u2019ouest de la France, trois \u00e9quipes de scientifiques mettent en place des \u00e9tudes afin de comprendre les d\u00e9placements de certaines chauves-souris\u00a0: les Noctules. Ces naturalistes passionn\u00e9s traquent jour et nuit ces petits mammif\u00e8res volants.\u00a0La nuit tomb\u00e9e, les noctules s\u2019\u00e9lancent vers leur territoire de chasse. Les balises GPS fix\u00e9es sur leurs dos vont permettre aux scientifiques de percer le myst\u00e8re de ces chauves-souris m\u00e9connues. Ils vont faire des d\u00e9couvertes surprenantes sur leur mode de vie.\u00a0Face \u00e0 leur population en forte baisse, les scientifiques esp\u00e8rent gr\u00e2ce aux informations r\u00e9colt\u00e9es, mieux prot\u00e9ger ce petit mammif\u00e8re fascinant.","og_url":"https:\/\/assolabergerie.fr\/index.php\/2025\/04\/23\/le-samedi-24-mai-2025-a-20h00-soiree-film-et-sortie-naturaliste-en-presence-du-realisateur\/","og_site_name":"ASSOCIATION LA BERGERIE","article_published_time":"2025-04-23T15:38:53+00:00","article_modified_time":"2025-05-28T10:36:47+00:00","og_image":[{"width":1391,"height":621,"url":"https:\/\/assolabergerie.fr\/wp-content\/uploads\/2025\/04\/noctules.png","type":"image\/png"}],"author":"Mathilde","twitter_card":"summary_large_image","twitter_misc":{"\u00c9crit par":"Mathilde","Dur\u00e9e de lecture estim\u00e9e":"2 minutes"},"schema":{"@context":"https:\/\/schema.org","@graph":[{"@type":"Article","@id":"https:\/\/assolabergerie.fr\/index.php\/2025\/04\/23\/le-samedi-24-mai-2025-a-20h00-soiree-film-et-sortie-naturaliste-en-presence-du-realisateur\/#article","isPartOf":{"@id":"https:\/\/assolabergerie.fr\/index.php\/2025\/04\/23\/le-samedi-24-mai-2025-a-20h00-soiree-film-et-sortie-naturaliste-en-presence-du-realisateur\/"},"author":{"name":"Mathilde","@id":"https:\/\/assolabergerie.fr\/#\/schema\/person\/73f7c2e955339a281e8a77a268ed8aea"},"headline":"LE SAMEDI 24 MAI 2025 \u00c0 20h00 SOIR\u00c9E FILM ET SORTIE NATURALISTE EN PR\u00c9SENCE\u00a0DU R\u00c9ALISATEUR","datePublished":"2025-04-23T15:38:53+00:00","dateModified":"2025-05-28T10:36:47+00:00","mainEntityOfPage":{"@id":"https:\/\/assolabergerie.fr\/index.php\/2025\/04\/23\/le-samedi-24-mai-2025-a-20h00-soiree-film-et-sortie-naturaliste-en-presence-du-realisateur\/"},"wordCount":1892,"publisher":{"@id":"https:\/\/assolabergerie.fr\/#organization"},"image":{"@id":"https:\/\/assolabergerie.fr\/index.php\/2025\/04\/23\/le-samedi-24-mai-2025-a-20h00-soiree-film-et-sortie-naturaliste-en-presence-du-realisateur\/#primaryimage"},"thumbnailUrl":"https:\/\/assolabergerie.fr\/wp-content\/uploads\/2025\/04\/noctules.png","articleSection":["Archive 2025"],"inLanguage":"fr-FR"},{"@type":"WebPage","@id":"https:\/\/assolabergerie.fr\/index.php\/2025\/04\/23\/le-samedi-24-mai-2025-a-20h00-soiree-film-et-sortie-naturaliste-en-presence-du-realisateur\/","url":"https:\/\/assolabergerie.fr\/index.php\/2025\/04\/23\/le-samedi-24-mai-2025-a-20h00-soiree-film-et-sortie-naturaliste-en-presence-du-realisateur\/","name":"LE SAMEDI 24 MAI 2025 \u00c0 20h00 SOIR\u00c9E FILM ET SORTIE NATURALISTE EN PR\u00c9SENCE\u00a0DU R\u00c9ALISATEUR - ASSOCIATION LA BERGERIE","isPartOf":{"@id":"https:\/\/assolabergerie.fr\/#website"},"primaryImageOfPage":{"@id":"https:\/\/assolabergerie.fr\/index.php\/2025\/04\/23\/le-samedi-24-mai-2025-a-20h00-soiree-film-et-sortie-naturaliste-en-presence-du-realisateur\/#primaryimage"},"image":{"@id":"https:\/\/assolabergerie.fr\/index.php\/2025\/04\/23\/le-samedi-24-mai-2025-a-20h00-soiree-film-et-sortie-naturaliste-en-presence-du-realisateur\/#primaryimage"},"thumbnailUrl":"https:\/\/assolabergerie.fr\/wp-content\/uploads\/2025\/04\/noctules.png","datePublished":"2025-04-23T15:38:53+00:00","dateModified":"2025-05-28T10:36:47+00:00","description":"\u00abNoctules, ces myst\u00e9rieuses chauves-souris \u00bb, Film documentaire de Hugo et Nathan Braconnier,\u00a0Prod : Monalisa et Un brin de Nature 52 minutes.\u00a0Le r\u00e9alisateur, Hugo Braconnier, sera pr\u00e9sent pour \u00e9changer \u00e0 la fin de la projection, autour du film et des chauves-souris. Une sortie en ext\u00e9rieur\u00a0sera organis\u00e9e suite \u00e0 l'\u00e9change avec le public. Dans l\u2019ouest de la France, trois \u00e9quipes de scientifiques mettent en place des \u00e9tudes afin de comprendre les d\u00e9placements de certaines chauves-souris\u00a0: les Noctules. Ces naturalistes passionn\u00e9s traquent jour et nuit ces petits mammif\u00e8res volants.\u00a0La nuit tomb\u00e9e, les noctules s\u2019\u00e9lancent vers leur territoire de chasse. Les balises GPS fix\u00e9es sur leurs dos vont permettre aux scientifiques de percer le myst\u00e8re de ces chauves-souris m\u00e9connues. Ils vont faire des d\u00e9couvertes surprenantes sur leur mode de vie.\u00a0Face \u00e0 leur population en forte baisse, les scientifiques esp\u00e8rent gr\u00e2ce aux informations r\u00e9colt\u00e9es, mieux prot\u00e9ger ce petit mammif\u00e8re fascinant.","breadcrumb":{"@id":"https:\/\/assolabergerie.fr\/index.php\/2025\/04\/23\/le-samedi-24-mai-2025-a-20h00-soiree-film-et-sortie-naturaliste-en-presence-du-realisateur\/#breadcrumb"},"inLanguage":"fr-FR","potentialAction":[{"@type":"ReadAction","target":["https:\/\/assolabergerie.fr\/index.php\/2025\/04\/23\/le-samedi-24-mai-2025-a-20h00-soiree-film-et-sortie-naturaliste-en-presence-du-realisateur\/"]}]},{"@type":"ImageObject","inLanguage":"fr-FR","@id":"https:\/\/assolabergerie.fr\/index.php\/2025\/04\/23\/le-samedi-24-mai-2025-a-20h00-soiree-film-et-sortie-naturaliste-en-presence-du-realisateur\/#primaryimage","url":"https:\/\/assolabergerie.fr\/wp-content\/uploads\/2025\/04\/noctules.png","contentUrl":"https:\/\/assolabergerie.fr\/wp-content\/uploads\/2025\/04\/noctules.png","width":1391,"height":621,"caption":"\u00ab Noctules, ces myst\u00e9rieuses chauves-souris \u00bb, Film documentaire de Hugo et Nathan Braconnier,\u00a0 Prod : Monalisa et Un brin de Nature 52 minutes\u00a0"},{"@type":"BreadcrumbList","@id":"https:\/\/assolabergerie.fr\/index.php\/2025\/04\/23\/le-samedi-24-mai-2025-a-20h00-soiree-film-et-sortie-naturaliste-en-presence-du-realisateur\/#breadcrumb","itemListElement":[{"@type":"ListItem","position":1,"name":"Accueil","item":"https:\/\/assolabergerie.fr\/"},{"@type":"ListItem","position":2,"name":"LE SAMEDI 24 MAI 2025 \u00c0 20h00 SOIR\u00c9E FILM ET SORTIE NATURALISTE EN PR\u00c9SENCE\u00a0DU R\u00c9ALISATEUR"}]},{"@type":"WebSite","@id":"https:\/\/assolabergerie.fr\/#website","url":"https:\/\/assolabergerie.fr\/","name":"ASSOCIATION LA BERGERIE","description":"","publisher":{"@id":"https:\/\/assolabergerie.fr\/#organization"},"potentialAction":[{"@type":"SearchAction","target":{"@type":"EntryPoint","urlTemplate":"https:\/\/assolabergerie.fr\/?s={search_term_string}"},"query-input":{"@type":"PropertyValueSpecification","valueRequired":true,"valueName":"search_term_string"}}],"inLanguage":"fr-FR"},{"@type":"Organization","@id":"https:\/\/assolabergerie.fr\/#organization","name":"Association La Bergerie","url":"https:\/\/assolabergerie.fr\/","logo":{"@type":"ImageObject","inLanguage":"fr-FR","@id":"https:\/\/assolabergerie.fr\/#\/schema\/logo\/image\/","url":"https:\/\/assolabergerie.fr\/wp-content\/uploads\/2023\/09\/faviconBrebis.png","contentUrl":"https:\/\/assolabergerie.fr\/wp-content\/uploads\/2023\/09\/faviconBrebis.png","width":64,"height":64,"caption":"Association La Bergerie"},"image":{"@id":"https:\/\/assolabergerie.fr\/#\/schema\/logo\/image\/"}},{"@type":"Person","@id":"https:\/\/assolabergerie.fr\/#\/schema\/person\/73f7c2e955339a281e8a77a268ed8aea","name":"Mathilde","image":{"@type":"ImageObject","inLanguage":"fr-FR","@id":"https:\/\/secure.gravatar.com\/avatar\/5def61855c654ea84c356c5ef8511abb96dcecd5a657c6b8f232e8fed733e23d?s=96&d=mm&r=g","url":"https:\/\/secure.gravatar.com\/avatar\/5def61855c654ea84c356c5ef8511abb96dcecd5a657c6b8f232e8fed733e23d?s=96&d=mm&r=g","contentUrl":"https:\/\/secure.gravatar.com\/avatar\/5def61855c654ea84c356c5ef8511abb96dcecd5a657c6b8f232e8fed733e23d?s=96&d=mm&r=g","caption":"Mathilde"},"sameAs":["http:\/\/assolabergerie.fr"],"url":"https:\/\/assolabergerie.fr\/index.php\/author\/admin1535\/"}]}},"_links":{"self":[{"href":"https:\/\/assolabergerie.fr\/index.php\/wp-json\/wp\/v2\/posts\/1123","targetHints":{"allow":["GET"]}}],"collection":[{"href":"https:\/\/assolabergerie.fr\/index.php\/wp-json\/wp\/v2\/posts"}],"about":[{"href":"https:\/\/assolabergerie.fr\/index.php\/wp-json\/wp\/v2\/types\/post"}],"author":[{"embeddable":true,"href":"https:\/\/assolabergerie.fr\/index.php\/wp-json\/wp\/v2\/users\/1"}],"replies":[{"embeddable":true,"href":"https:\/\/assolabergerie.fr\/index.php\/wp-json\/wp\/v2\/comments?post=1123"}],"version-history":[{"count":1,"href":"https:\/\/assolabergerie.fr\/index.php\/wp-json\/wp\/v2\/posts\/1123\/revisions"}],"predecessor-version":[{"id":1124,"href":"https:\/\/assolabergerie.fr\/index.php\/wp-json\/wp\/v2\/posts\/1123\/revisions\/1124"}],"wp:featuredmedia":[{"embeddable":true,"href":"https:\/\/assolabergerie.fr\/index.php\/wp-json\/wp\/v2\/media\/1125"}],"wp:attachment":[{"href":"https:\/\/assolabergerie.fr\/index.php\/wp-json\/wp\/v2\/media?parent=1123"}],"wp:term":[{"taxonomy":"category","embeddable":true,"href":"https:\/\/assolabergerie.fr\/index.php\/wp-json\/wp\/v2\/categories?post=1123"},{"taxonomy":"post_tag","embeddable":true,"href":"https:\/\/assolabergerie.fr\/index.php\/wp-json\/wp\/v2\/tags?post=1123"}],"curies":[{"name":"wp","href":"https:\/\/api.w.org\/{rel}","templated":true}]}}