{"id":1135,"date":"2025-04-24T11:50:44","date_gmt":"2025-04-24T09:50:44","guid":{"rendered":"https:\/\/assolabergerie.fr\/?p=1135"},"modified":"2025-07-05T14:15:30","modified_gmt":"2025-07-05T12:15:30","slug":"concert-milonga-exeptionnel-3-juillet-2025","status":"publish","type":"post","link":"https:\/\/assolabergerie.fr\/index.php\/2025\/04\/24\/concert-milonga-exeptionnel-3-juillet-2025\/","title":{"rendered":"Jeudi 3 juillet 2025, 21h &#8211;  CONCERT EXCEPTIONNEL avec MILONGA <br> avec Hugo SATORRE et Emiliano FARYNIA"},"content":{"rendered":"<p><div class=\"fusion-fullwidth fullwidth-box fusion-builder-row-1 fusion-flex-container has-pattern-background has-mask-background nonhundred-percent-fullwidth non-hundred-percent-height-scrolling\" style=\"--awb-border-radius-top-left:0px;--awb-border-radius-top-right:0px;--awb-border-radius-bottom-right:0px;--awb-border-radius-bottom-left:0px;--awb-flex-wrap:wrap;\" ><div class=\"fusion-builder-row fusion-row fusion-flex-align-items-flex-start fusion-flex-content-wrap\" style=\"max-width:1248px;margin-left: calc(-4% \/ 2 );margin-right: calc(-4% \/ 2 );\"><div class=\"fusion-layout-column fusion_builder_column fusion-builder-column-0 fusion_builder_column_2_3 2_3 fusion-flex-column\" style=\"--awb-padding-top:18px;--awb-bg-size:cover;--awb-width-large:66.666666666667%;--awb-margin-top-large:0px;--awb-spacing-right-large:2.88%;--awb-margin-bottom-large:20px;--awb-spacing-left-large:2.88%;--awb-width-medium:66.666666666667%;--awb-order-medium:0;--awb-spacing-right-medium:2.88%;--awb-spacing-left-medium:2.88%;--awb-width-small:100%;--awb-order-small:0;--awb-spacing-right-small:1.92%;--awb-spacing-left-small:1.92%;\"><div class=\"fusion-column-wrapper fusion-column-has-shadow fusion-flex-justify-content-flex-start fusion-content-layout-column\"><div class=\"fusion-text fusion-text-1\"><p>Nous avons la grande chance d\u2019accueillir ce duo argentin exceptionnel en tourn\u00e9e en Europe !<em><br \/>\n<\/em><\/p>\n<p>Hugo et Emiliano sont d&rsquo;excellents musiciens de tango, \u00e0 ne pas manquer !<\/p>\n<\/div><div class=\"fusion-text fusion-text-2\"><p>Ce concert est ouvert \u00e0 tous et toutes !! danseurs et non danseurs \ud83d\ude42<\/p>\n<\/div><\/div><\/div><\/div><\/div><div class=\"fusion-fullwidth fullwidth-box fusion-builder-row-2 fusion-flex-container has-pattern-background has-mask-background nonhundred-percent-fullwidth non-hundred-percent-height-scrolling\" style=\"--awb-border-radius-top-left:0px;--awb-border-radius-top-right:0px;--awb-border-radius-bottom-right:0px;--awb-border-radius-bottom-left:0px;--awb-flex-wrap:wrap;\" ><div class=\"fusion-builder-row fusion-row fusion-flex-align-items-flex-start fusion-flex-content-wrap\" style=\"max-width:1248px;margin-left: calc(-4% \/ 2 );margin-right: calc(-4% \/ 2 );\"><div class=\"fusion-layout-column fusion_builder_column fusion-builder-column-1 fusion_builder_column_1_3 1_3 fusion-flex-column\" style=\"--awb-bg-size:cover;--awb-width-large:33.333333333333%;--awb-margin-top-large:0px;--awb-spacing-right-large:5.76%;--awb-margin-bottom-large:20px;--awb-spacing-left-large:5.76%;--awb-width-medium:33.333333333333%;--awb-order-medium:0;--awb-spacing-right-medium:5.76%;--awb-spacing-left-medium:5.76%;--awb-width-small:100%;--awb-order-small:0;--awb-spacing-right-small:1.92%;--awb-spacing-left-small:1.92%;\"><div class=\"fusion-column-wrapper fusion-column-has-shadow fusion-flex-justify-content-flex-start fusion-content-layout-column\"><div class=\"fusion-title title fusion-title-1 fusion-sep-none fusion-title-text fusion-title-size-four\"><h4 class=\"fusion-title-heading title-heading-left\" style=\"margin:0;\">Plus d&rsquo;infos :<\/h4><\/div><\/div><\/div><div class=\"fusion-layout-column fusion_builder_column fusion-builder-column-2 fusion_builder_column_1_2 1_2 fusion-flex-column\" style=\"--awb-padding-top:18px;--awb-bg-size:cover;--awb-width-large:50%;--awb-margin-top-large:0px;--awb-spacing-right-large:3.84%;--awb-margin-bottom-large:20px;--awb-spacing-left-large:3.84%;--awb-width-medium:50%;--awb-order-medium:0;--awb-spacing-right-medium:3.84%;--awb-spacing-left-medium:3.84%;--awb-width-small:100%;--awb-order-small:0;--awb-spacing-right-small:1.92%;--awb-spacing-left-small:1.92%;\"><div class=\"fusion-column-wrapper fusion-column-has-shadow fusion-flex-justify-content-flex-start fusion-content-layout-column\"><div class=\"fusion-text fusion-text-3\"><p>Milonga de 20h \u00e0 1h !<\/p>\n<p>Ap\u00e9ro-auberge espagnole<\/p>\n<p>Concert en 2 sets : premier set vers 21h, second set vers 23h !<\/p>\n<p>Tarif sugg\u00e9r\u00e9 : entre 10\u20ac et 12\u20ac + adh\u00e9sion \u00e0 l&rsquo;association senti-dos (2\u20ac la soir\u00e9e ou 10\u20ac l&rsquo;ann\u00e9e civile)<\/p>\n<p>Possibilit\u00e9 de dormir sur place (sur demande aupr\u00e8s de Mathilde 06 45 53 78 65).<\/p>\n<\/div><\/div><\/div><\/div><\/div><\/p>\n","protected":false},"excerpt":{"rendered":"","protected":false},"author":1,"featured_media":1148,"comment_status":"closed","ping_status":"open","sticky":false,"template":"","format":"standard","meta":{"footnotes":""},"categories":[12],"tags":[],"class_list":["post-1135","post","type-post","status-publish","format-standard","has-post-thumbnail","hentry","category-archives-2025"],"yoast_head":"<!-- This site is optimized with the Yoast SEO plugin v27.5 - https:\/\/yoast.com\/product\/yoast-seo-wordpress\/ -->\n<title>Jeudi 3 juillet 2025, 21h - CONCERT EXCEPTIONNEL avec MILONGA  avec Hugo SATORRE et Emiliano FARYNIA - ASSOCIATION LA BERGERIE<\/title>\n<meta name=\"description\" content=\"Hugo Satorre au bandoneon, Emiliano Farynia \u00e0 la guitare ! A NE PAS MANQUER ! \u00e0 la Bergerie de St Etienne en Quint. Danseurs et NON danseurs bienvenus !\" \/>\n<meta name=\"robots\" content=\"index, follow, max-snippet:-1, max-image-preview:large, max-video-preview:-1\" \/>\n<link rel=\"canonical\" href=\"https:\/\/assolabergerie.fr\/index.php\/2025\/04\/24\/concert-milonga-exeptionnel-3-juillet-2025\/\" \/>\n<meta property=\"og:locale\" content=\"fr_FR\" \/>\n<meta property=\"og:type\" content=\"article\" \/>\n<meta property=\"og:title\" content=\"Jeudi 3 juillet 2025, 21h - CONCERT EXCEPTIONNEL avec MILONGA  avec Hugo SATORRE et Emiliano FARYNIA - ASSOCIATION LA BERGERIE\" \/>\n<meta property=\"og:description\" content=\"Hugo Satorre au bandoneon, Emiliano Farynia \u00e0 la guitare ! A NE PAS MANQUER ! \u00e0 la Bergerie de St Etienne en Quint. Danseurs et NON danseurs bienvenus !\" \/>\n<meta property=\"og:url\" content=\"https:\/\/assolabergerie.fr\/index.php\/2025\/04\/24\/concert-milonga-exeptionnel-3-juillet-2025\/\" \/>\n<meta property=\"og:site_name\" content=\"ASSOCIATION LA BERGERIE\" \/>\n<meta property=\"article:published_time\" content=\"2025-04-24T09:50:44+00:00\" \/>\n<meta property=\"article:modified_time\" content=\"2025-07-05T12:15:30+00:00\" \/>\n<meta property=\"og:image\" content=\"https:\/\/assolabergerie.fr\/wp-content\/uploads\/2025\/04\/Concert-Milonga-2-682x1024.png\" \/>\n\t<meta property=\"og:image:width\" content=\"682\" \/>\n\t<meta property=\"og:image:height\" content=\"1024\" \/>\n\t<meta property=\"og:image:type\" content=\"image\/png\" \/>\n<meta name=\"author\" content=\"Mathilde\" \/>\n<meta name=\"twitter:card\" content=\"summary_large_image\" \/>\n<meta name=\"twitter:label1\" content=\"\u00c9crit par\" \/>\n\t<meta name=\"twitter:data1\" content=\"Mathilde\" \/>\n\t<meta name=\"twitter:label2\" content=\"Dur\u00e9e de lecture estim\u00e9e\" \/>\n\t<meta name=\"twitter:data2\" content=\"1 minute\" \/>\n<script type=\"application\/ld+json\" class=\"yoast-schema-graph\">{\"@context\":\"https:\\\/\\\/schema.org\",\"@graph\":[{\"@type\":\"Article\",\"@id\":\"https:\\\/\\\/assolabergerie.fr\\\/index.php\\\/2025\\\/04\\\/24\\\/concert-milonga-exeptionnel-3-juillet-2025\\\/#article\",\"isPartOf\":{\"@id\":\"https:\\\/\\\/assolabergerie.fr\\\/index.php\\\/2025\\\/04\\\/24\\\/concert-milonga-exeptionnel-3-juillet-2025\\\/\"},\"author\":{\"name\":\"Mathilde\",\"@id\":\"https:\\\/\\\/assolabergerie.fr\\\/#\\\/schema\\\/person\\\/73f7c2e955339a281e8a77a268ed8aea\"},\"headline\":\"Jeudi 3 juillet 2025, 21h &#8211; CONCERT EXCEPTIONNEL avec MILONGA avec Hugo SATORRE et Emiliano FARYNIA\",\"datePublished\":\"2025-04-24T09:50:44+00:00\",\"dateModified\":\"2025-07-05T12:15:30+00:00\",\"mainEntityOfPage\":{\"@id\":\"https:\\\/\\\/assolabergerie.fr\\\/index.php\\\/2025\\\/04\\\/24\\\/concert-milonga-exeptionnel-3-juillet-2025\\\/\"},\"wordCount\":1722,\"publisher\":{\"@id\":\"https:\\\/\\\/assolabergerie.fr\\\/#organization\"},\"image\":{\"@id\":\"https:\\\/\\\/assolabergerie.fr\\\/index.php\\\/2025\\\/04\\\/24\\\/concert-milonga-exeptionnel-3-juillet-2025\\\/#primaryimage\"},\"thumbnailUrl\":\"https:\\\/\\\/assolabergerie.fr\\\/wp-content\\\/uploads\\\/2025\\\/04\\\/Concert-Milonga-2.png\",\"articleSection\":[\"Archive 2025\"],\"inLanguage\":\"fr-FR\"},{\"@type\":\"WebPage\",\"@id\":\"https:\\\/\\\/assolabergerie.fr\\\/index.php\\\/2025\\\/04\\\/24\\\/concert-milonga-exeptionnel-3-juillet-2025\\\/\",\"url\":\"https:\\\/\\\/assolabergerie.fr\\\/index.php\\\/2025\\\/04\\\/24\\\/concert-milonga-exeptionnel-3-juillet-2025\\\/\",\"name\":\"Jeudi 3 juillet 2025, 21h - CONCERT EXCEPTIONNEL avec MILONGA avec Hugo SATORRE et Emiliano FARYNIA - ASSOCIATION LA BERGERIE\",\"isPartOf\":{\"@id\":\"https:\\\/\\\/assolabergerie.fr\\\/#website\"},\"primaryImageOfPage\":{\"@id\":\"https:\\\/\\\/assolabergerie.fr\\\/index.php\\\/2025\\\/04\\\/24\\\/concert-milonga-exeptionnel-3-juillet-2025\\\/#primaryimage\"},\"image\":{\"@id\":\"https:\\\/\\\/assolabergerie.fr\\\/index.php\\\/2025\\\/04\\\/24\\\/concert-milonga-exeptionnel-3-juillet-2025\\\/#primaryimage\"},\"thumbnailUrl\":\"https:\\\/\\\/assolabergerie.fr\\\/wp-content\\\/uploads\\\/2025\\\/04\\\/Concert-Milonga-2.png\",\"datePublished\":\"2025-04-24T09:50:44+00:00\",\"dateModified\":\"2025-07-05T12:15:30+00:00\",\"description\":\"Hugo Satorre au bandoneon, Emiliano Farynia \u00e0 la guitare ! A NE PAS MANQUER ! \u00e0 la Bergerie de St Etienne en Quint. Danseurs et NON danseurs bienvenus !\",\"breadcrumb\":{\"@id\":\"https:\\\/\\\/assolabergerie.fr\\\/index.php\\\/2025\\\/04\\\/24\\\/concert-milonga-exeptionnel-3-juillet-2025\\\/#breadcrumb\"},\"inLanguage\":\"fr-FR\",\"potentialAction\":[{\"@type\":\"ReadAction\",\"target\":[\"https:\\\/\\\/assolabergerie.fr\\\/index.php\\\/2025\\\/04\\\/24\\\/concert-milonga-exeptionnel-3-juillet-2025\\\/\"]}]},{\"@type\":\"ImageObject\",\"inLanguage\":\"fr-FR\",\"@id\":\"https:\\\/\\\/assolabergerie.fr\\\/index.php\\\/2025\\\/04\\\/24\\\/concert-milonga-exeptionnel-3-juillet-2025\\\/#primaryimage\",\"url\":\"https:\\\/\\\/assolabergerie.fr\\\/wp-content\\\/uploads\\\/2025\\\/04\\\/Concert-Milonga-2.png\",\"contentUrl\":\"https:\\\/\\\/assolabergerie.fr\\\/wp-content\\\/uploads\\\/2025\\\/04\\\/Concert-Milonga-2.png\",\"width\":853,\"height\":1280},{\"@type\":\"BreadcrumbList\",\"@id\":\"https:\\\/\\\/assolabergerie.fr\\\/index.php\\\/2025\\\/04\\\/24\\\/concert-milonga-exeptionnel-3-juillet-2025\\\/#breadcrumb\",\"itemListElement\":[{\"@type\":\"ListItem\",\"position\":1,\"name\":\"Accueil\",\"item\":\"https:\\\/\\\/assolabergerie.fr\\\/\"},{\"@type\":\"ListItem\",\"position\":2,\"name\":\"Jeudi 3 juillet 2025, 21h &#8211; CONCERT EXCEPTIONNEL avec MILONGA avec Hugo SATORRE et Emiliano FARYNIA\"}]},{\"@type\":\"WebSite\",\"@id\":\"https:\\\/\\\/assolabergerie.fr\\\/#website\",\"url\":\"https:\\\/\\\/assolabergerie.fr\\\/\",\"name\":\"ASSOCIATION LA BERGERIE\",\"description\":\"\",\"publisher\":{\"@id\":\"https:\\\/\\\/assolabergerie.fr\\\/#organization\"},\"potentialAction\":[{\"@type\":\"SearchAction\",\"target\":{\"@type\":\"EntryPoint\",\"urlTemplate\":\"https:\\\/\\\/assolabergerie.fr\\\/?s={search_term_string}\"},\"query-input\":{\"@type\":\"PropertyValueSpecification\",\"valueRequired\":true,\"valueName\":\"search_term_string\"}}],\"inLanguage\":\"fr-FR\"},{\"@type\":\"Organization\",\"@id\":\"https:\\\/\\\/assolabergerie.fr\\\/#organization\",\"name\":\"Association La Bergerie\",\"url\":\"https:\\\/\\\/assolabergerie.fr\\\/\",\"logo\":{\"@type\":\"ImageObject\",\"inLanguage\":\"fr-FR\",\"@id\":\"https:\\\/\\\/assolabergerie.fr\\\/#\\\/schema\\\/logo\\\/image\\\/\",\"url\":\"https:\\\/\\\/assolabergerie.fr\\\/wp-content\\\/uploads\\\/2023\\\/09\\\/faviconBrebis.png\",\"contentUrl\":\"https:\\\/\\\/assolabergerie.fr\\\/wp-content\\\/uploads\\\/2023\\\/09\\\/faviconBrebis.png\",\"width\":64,\"height\":64,\"caption\":\"Association La Bergerie\"},\"image\":{\"@id\":\"https:\\\/\\\/assolabergerie.fr\\\/#\\\/schema\\\/logo\\\/image\\\/\"}},{\"@type\":\"Person\",\"@id\":\"https:\\\/\\\/assolabergerie.fr\\\/#\\\/schema\\\/person\\\/73f7c2e955339a281e8a77a268ed8aea\",\"name\":\"Mathilde\",\"image\":{\"@type\":\"ImageObject\",\"inLanguage\":\"fr-FR\",\"@id\":\"https:\\\/\\\/secure.gravatar.com\\\/avatar\\\/5def61855c654ea84c356c5ef8511abb96dcecd5a657c6b8f232e8fed733e23d?s=96&d=mm&r=g\",\"url\":\"https:\\\/\\\/secure.gravatar.com\\\/avatar\\\/5def61855c654ea84c356c5ef8511abb96dcecd5a657c6b8f232e8fed733e23d?s=96&d=mm&r=g\",\"contentUrl\":\"https:\\\/\\\/secure.gravatar.com\\\/avatar\\\/5def61855c654ea84c356c5ef8511abb96dcecd5a657c6b8f232e8fed733e23d?s=96&d=mm&r=g\",\"caption\":\"Mathilde\"},\"sameAs\":[\"http:\\\/\\\/assolabergerie.fr\"],\"url\":\"https:\\\/\\\/assolabergerie.fr\\\/index.php\\\/author\\\/admin1535\\\/\"}]}<\/script>\n<!-- \/ Yoast SEO plugin. -->","yoast_head_json":{"title":"Jeudi 3 juillet 2025, 21h - CONCERT EXCEPTIONNEL avec MILONGA  avec Hugo SATORRE et Emiliano FARYNIA - ASSOCIATION LA BERGERIE","description":"Hugo Satorre au bandoneon, Emiliano Farynia \u00e0 la guitare ! A NE PAS MANQUER ! \u00e0 la Bergerie de St Etienne en Quint. Danseurs et NON danseurs bienvenus !","robots":{"index":"index","follow":"follow","max-snippet":"max-snippet:-1","max-image-preview":"max-image-preview:large","max-video-preview":"max-video-preview:-1"},"canonical":"https:\/\/assolabergerie.fr\/index.php\/2025\/04\/24\/concert-milonga-exeptionnel-3-juillet-2025\/","og_locale":"fr_FR","og_type":"article","og_title":"Jeudi 3 juillet 2025, 21h - CONCERT EXCEPTIONNEL avec MILONGA  avec Hugo SATORRE et Emiliano FARYNIA - ASSOCIATION LA BERGERIE","og_description":"Hugo Satorre au bandoneon, Emiliano Farynia \u00e0 la guitare ! A NE PAS MANQUER ! \u00e0 la Bergerie de St Etienne en Quint. Danseurs et NON danseurs bienvenus !","og_url":"https:\/\/assolabergerie.fr\/index.php\/2025\/04\/24\/concert-milonga-exeptionnel-3-juillet-2025\/","og_site_name":"ASSOCIATION LA BERGERIE","article_published_time":"2025-04-24T09:50:44+00:00","article_modified_time":"2025-07-05T12:15:30+00:00","og_image":[{"width":682,"height":1024,"url":"https:\/\/assolabergerie.fr\/wp-content\/uploads\/2025\/04\/Concert-Milonga-2-682x1024.png","type":"image\/png"}],"author":"Mathilde","twitter_card":"summary_large_image","twitter_misc":{"\u00c9crit par":"Mathilde","Dur\u00e9e de lecture estim\u00e9e":"1 minute"},"schema":{"@context":"https:\/\/schema.org","@graph":[{"@type":"Article","@id":"https:\/\/assolabergerie.fr\/index.php\/2025\/04\/24\/concert-milonga-exeptionnel-3-juillet-2025\/#article","isPartOf":{"@id":"https:\/\/assolabergerie.fr\/index.php\/2025\/04\/24\/concert-milonga-exeptionnel-3-juillet-2025\/"},"author":{"name":"Mathilde","@id":"https:\/\/assolabergerie.fr\/#\/schema\/person\/73f7c2e955339a281e8a77a268ed8aea"},"headline":"Jeudi 3 juillet 2025, 21h &#8211; CONCERT EXCEPTIONNEL avec MILONGA avec Hugo SATORRE et Emiliano FARYNIA","datePublished":"2025-04-24T09:50:44+00:00","dateModified":"2025-07-05T12:15:30+00:00","mainEntityOfPage":{"@id":"https:\/\/assolabergerie.fr\/index.php\/2025\/04\/24\/concert-milonga-exeptionnel-3-juillet-2025\/"},"wordCount":1722,"publisher":{"@id":"https:\/\/assolabergerie.fr\/#organization"},"image":{"@id":"https:\/\/assolabergerie.fr\/index.php\/2025\/04\/24\/concert-milonga-exeptionnel-3-juillet-2025\/#primaryimage"},"thumbnailUrl":"https:\/\/assolabergerie.fr\/wp-content\/uploads\/2025\/04\/Concert-Milonga-2.png","articleSection":["Archive 2025"],"inLanguage":"fr-FR"},{"@type":"WebPage","@id":"https:\/\/assolabergerie.fr\/index.php\/2025\/04\/24\/concert-milonga-exeptionnel-3-juillet-2025\/","url":"https:\/\/assolabergerie.fr\/index.php\/2025\/04\/24\/concert-milonga-exeptionnel-3-juillet-2025\/","name":"Jeudi 3 juillet 2025, 21h - CONCERT EXCEPTIONNEL avec MILONGA avec Hugo SATORRE et Emiliano FARYNIA - ASSOCIATION LA BERGERIE","isPartOf":{"@id":"https:\/\/assolabergerie.fr\/#website"},"primaryImageOfPage":{"@id":"https:\/\/assolabergerie.fr\/index.php\/2025\/04\/24\/concert-milonga-exeptionnel-3-juillet-2025\/#primaryimage"},"image":{"@id":"https:\/\/assolabergerie.fr\/index.php\/2025\/04\/24\/concert-milonga-exeptionnel-3-juillet-2025\/#primaryimage"},"thumbnailUrl":"https:\/\/assolabergerie.fr\/wp-content\/uploads\/2025\/04\/Concert-Milonga-2.png","datePublished":"2025-04-24T09:50:44+00:00","dateModified":"2025-07-05T12:15:30+00:00","description":"Hugo Satorre au bandoneon, Emiliano Farynia \u00e0 la guitare ! A NE PAS MANQUER ! \u00e0 la Bergerie de St Etienne en Quint. Danseurs et NON danseurs bienvenus !","breadcrumb":{"@id":"https:\/\/assolabergerie.fr\/index.php\/2025\/04\/24\/concert-milonga-exeptionnel-3-juillet-2025\/#breadcrumb"},"inLanguage":"fr-FR","potentialAction":[{"@type":"ReadAction","target":["https:\/\/assolabergerie.fr\/index.php\/2025\/04\/24\/concert-milonga-exeptionnel-3-juillet-2025\/"]}]},{"@type":"ImageObject","inLanguage":"fr-FR","@id":"https:\/\/assolabergerie.fr\/index.php\/2025\/04\/24\/concert-milonga-exeptionnel-3-juillet-2025\/#primaryimage","url":"https:\/\/assolabergerie.fr\/wp-content\/uploads\/2025\/04\/Concert-Milonga-2.png","contentUrl":"https:\/\/assolabergerie.fr\/wp-content\/uploads\/2025\/04\/Concert-Milonga-2.png","width":853,"height":1280},{"@type":"BreadcrumbList","@id":"https:\/\/assolabergerie.fr\/index.php\/2025\/04\/24\/concert-milonga-exeptionnel-3-juillet-2025\/#breadcrumb","itemListElement":[{"@type":"ListItem","position":1,"name":"Accueil","item":"https:\/\/assolabergerie.fr\/"},{"@type":"ListItem","position":2,"name":"Jeudi 3 juillet 2025, 21h &#8211; CONCERT EXCEPTIONNEL avec MILONGA avec Hugo SATORRE et Emiliano FARYNIA"}]},{"@type":"WebSite","@id":"https:\/\/assolabergerie.fr\/#website","url":"https:\/\/assolabergerie.fr\/","name":"ASSOCIATION LA BERGERIE","description":"","publisher":{"@id":"https:\/\/assolabergerie.fr\/#organization"},"potentialAction":[{"@type":"SearchAction","target":{"@type":"EntryPoint","urlTemplate":"https:\/\/assolabergerie.fr\/?s={search_term_string}"},"query-input":{"@type":"PropertyValueSpecification","valueRequired":true,"valueName":"search_term_string"}}],"inLanguage":"fr-FR"},{"@type":"Organization","@id":"https:\/\/assolabergerie.fr\/#organization","name":"Association La Bergerie","url":"https:\/\/assolabergerie.fr\/","logo":{"@type":"ImageObject","inLanguage":"fr-FR","@id":"https:\/\/assolabergerie.fr\/#\/schema\/logo\/image\/","url":"https:\/\/assolabergerie.fr\/wp-content\/uploads\/2023\/09\/faviconBrebis.png","contentUrl":"https:\/\/assolabergerie.fr\/wp-content\/uploads\/2023\/09\/faviconBrebis.png","width":64,"height":64,"caption":"Association La Bergerie"},"image":{"@id":"https:\/\/assolabergerie.fr\/#\/schema\/logo\/image\/"}},{"@type":"Person","@id":"https:\/\/assolabergerie.fr\/#\/schema\/person\/73f7c2e955339a281e8a77a268ed8aea","name":"Mathilde","image":{"@type":"ImageObject","inLanguage":"fr-FR","@id":"https:\/\/secure.gravatar.com\/avatar\/5def61855c654ea84c356c5ef8511abb96dcecd5a657c6b8f232e8fed733e23d?s=96&d=mm&r=g","url":"https:\/\/secure.gravatar.com\/avatar\/5def61855c654ea84c356c5ef8511abb96dcecd5a657c6b8f232e8fed733e23d?s=96&d=mm&r=g","contentUrl":"https:\/\/secure.gravatar.com\/avatar\/5def61855c654ea84c356c5ef8511abb96dcecd5a657c6b8f232e8fed733e23d?s=96&d=mm&r=g","caption":"Mathilde"},"sameAs":["http:\/\/assolabergerie.fr"],"url":"https:\/\/assolabergerie.fr\/index.php\/author\/admin1535\/"}]}},"_links":{"self":[{"href":"https:\/\/assolabergerie.fr\/index.php\/wp-json\/wp\/v2\/posts\/1135","targetHints":{"allow":["GET"]}}],"collection":[{"href":"https:\/\/assolabergerie.fr\/index.php\/wp-json\/wp\/v2\/posts"}],"about":[{"href":"https:\/\/assolabergerie.fr\/index.php\/wp-json\/wp\/v2\/types\/post"}],"author":[{"embeddable":true,"href":"https:\/\/assolabergerie.fr\/index.php\/wp-json\/wp\/v2\/users\/1"}],"replies":[{"embeddable":true,"href":"https:\/\/assolabergerie.fr\/index.php\/wp-json\/wp\/v2\/comments?post=1135"}],"version-history":[{"count":10,"href":"https:\/\/assolabergerie.fr\/index.php\/wp-json\/wp\/v2\/posts\/1135\/revisions"}],"predecessor-version":[{"id":1205,"href":"https:\/\/assolabergerie.fr\/index.php\/wp-json\/wp\/v2\/posts\/1135\/revisions\/1205"}],"wp:featuredmedia":[{"embeddable":true,"href":"https:\/\/assolabergerie.fr\/index.php\/wp-json\/wp\/v2\/media\/1148"}],"wp:attachment":[{"href":"https:\/\/assolabergerie.fr\/index.php\/wp-json\/wp\/v2\/media?parent=1135"}],"wp:term":[{"taxonomy":"category","embeddable":true,"href":"https:\/\/assolabergerie.fr\/index.php\/wp-json\/wp\/v2\/categories?post=1135"},{"taxonomy":"post_tag","embeddable":true,"href":"https:\/\/assolabergerie.fr\/index.php\/wp-json\/wp\/v2\/tags?post=1135"}],"curies":[{"name":"wp","href":"https:\/\/api.w.org\/{rel}","templated":true}]}}