{"id":1209,"date":"2025-06-19T17:02:04","date_gmt":"2025-06-19T15:02:04","guid":{"rendered":"https:\/\/assolabergerie.fr\/?p=1209"},"modified":"2025-07-11T15:17:59","modified_gmt":"2025-07-11T13:17:59","slug":"film-documentaire-odyssee-mare","status":"publish","type":"post","link":"https:\/\/assolabergerie.fr\/index.php\/2025\/06\/19\/film-documentaire-odyssee-mare\/","title":{"rendered":"jeudi 10 juillet 2025 &#8211; 19h30 &#8211; \u00ab Odyss\u00e9e Mare \u00bb <br>SOIR\u00c9E FILM\u00a0 EN PR\u00c9SENCE\u00a0DE LA R\u00c9ALISATRICE"},"content":{"rendered":"<p><div class=\"fusion-fullwidth fullwidth-box fusion-builder-row-1 fusion-flex-container has-pattern-background has-mask-background nonhundred-percent-fullwidth non-hundred-percent-height-scrolling\" style=\"--awb-border-radius-top-left:0px;--awb-border-radius-top-right:0px;--awb-border-radius-bottom-right:0px;--awb-border-radius-bottom-left:0px;--awb-flex-wrap:wrap;\" ><div class=\"fusion-builder-row fusion-row fusion-flex-align-items-flex-start fusion-flex-content-wrap\" style=\"max-width:1248px;margin-left: calc(-4% \/ 2 );margin-right: calc(-4% \/ 2 );\"><div class=\"fusion-layout-column fusion_builder_column fusion-builder-column-0 fusion_builder_column_2_3 2_3 fusion-flex-column\" style=\"--awb-padding-top:18px;--awb-bg-size:cover;--awb-width-large:66.666666666667%;--awb-margin-top-large:0px;--awb-spacing-right-large:2.88%;--awb-margin-bottom-large:20px;--awb-spacing-left-large:2.88%;--awb-width-medium:66.666666666667%;--awb-order-medium:0;--awb-spacing-right-medium:2.88%;--awb-spacing-left-medium:2.88%;--awb-width-small:100%;--awb-order-small:0;--awb-spacing-right-small:1.92%;--awb-spacing-left-small:1.92%;\"><div class=\"fusion-column-wrapper fusion-column-has-shadow fusion-flex-justify-content-flex-start fusion-content-layout-column\"><div class=\"fusion-text fusion-text-1\"><p>SOIR\u00c9E FILM\u00a0 EN PR\u00c9SENCE\u00a0DE LA R\u00c9ALISATRICE<\/p>\n<p>Une sortie nature \u00ab\u00a0Observation de la vie d&rsquo;une mare\u00a0\u00bb sera organis\u00e9e le lendemain 11 juillet \u00e0 10h<br \/>\n\u00e0 la Lune en Bouche, St And\u00e9ol en Quint.<\/p>\n<p>\u00ab Odyss\u00e9e Mare \u00bb,<br \/>\nFilm documentaire de L\u00e9a Collober,<br \/>\nProd\u00a0 : La Salamandre<br \/>\n26 minutes<\/p>\n<p>Qui n\u2019a jamais r\u00eav\u00e9 d\u2019explorer l\u2019univers ? De partir \u00e0 la recherche d\u2019\u00eatres fantasmagoriques dans un espace infini ? De voyager \u00e0 travers les \u00e9toiles, vers nos origines insoup\u00e7onn\u00e9es ? Et si cette odyss\u00e9e \u00e9tait \u00e0 notre port\u00e9e, dans un cosmos infiniment proche?<\/p>\n<p>Bienvenue sur Mare, un monde aquatique en miniature o\u00f9 l\u2019on peut d\u00e9crypter l\u2019histoire de la vie. Unicellulaires, daphnies, hydres, libellules ou martin-p\u00eacheur, autant de merveilleuses poussi\u00e8res d\u2019\u00e9toiles dont voici soulign\u00e9e la fabuleuse parent\u00e9.<\/p>\n<p>La soir\u00e9e sera pr\u00e9c\u00e9d\u00e9e d&rsquo;un court m\u00e9trage surprise sur le th\u00e8me des Mares.<br \/>\nLa r\u00e9alisatrice, L\u00e9a Collober, sera pr\u00e9sente pour \u00e9changer \u00e0 la fin de la projection, autour du film et du monde fascinant des mares.<\/p>\n<\/div><\/div><\/div><\/div><\/div><div class=\"fusion-fullwidth fullwidth-box fusion-builder-row-2 fusion-flex-container has-pattern-background has-mask-background nonhundred-percent-fullwidth non-hundred-percent-height-scrolling\" style=\"--awb-border-radius-top-left:0px;--awb-border-radius-top-right:0px;--awb-border-radius-bottom-right:0px;--awb-border-radius-bottom-left:0px;--awb-flex-wrap:wrap;\" ><div class=\"fusion-builder-row fusion-row fusion-flex-align-items-flex-start fusion-flex-content-wrap\" style=\"max-width:1248px;margin-left: calc(-4% \/ 2 );margin-right: calc(-4% \/ 2 );\"><div class=\"fusion-layout-column fusion_builder_column fusion-builder-column-1 fusion_builder_column_1_3 1_3 fusion-flex-column\" style=\"--awb-bg-size:cover;--awb-width-large:33.333333333333%;--awb-margin-top-large:0px;--awb-spacing-right-large:5.76%;--awb-margin-bottom-large:20px;--awb-spacing-left-large:5.76%;--awb-width-medium:33.333333333333%;--awb-order-medium:0;--awb-spacing-right-medium:5.76%;--awb-spacing-left-medium:5.76%;--awb-width-small:100%;--awb-order-small:0;--awb-spacing-right-small:1.92%;--awb-spacing-left-small:1.92%;\"><div class=\"fusion-column-wrapper fusion-column-has-shadow fusion-flex-justify-content-flex-start fusion-content-layout-column\"><div class=\"fusion-title title fusion-title-1 fusion-sep-none fusion-title-text fusion-title-size-four\"><h4 class=\"fusion-title-heading title-heading-left\" style=\"margin:0;\">INFORMATIONS PRATIQUES :<\/h4><\/div><\/div><\/div><div class=\"fusion-layout-column fusion_builder_column fusion-builder-column-2 fusion_builder_column_2_3 2_3 fusion-flex-column\" style=\"--awb-padding-top:18px;--awb-bg-size:cover;--awb-width-large:66.666666666667%;--awb-margin-top-large:0px;--awb-spacing-right-large:2.88%;--awb-margin-bottom-large:20px;--awb-spacing-left-large:2.88%;--awb-width-medium:66.666666666667%;--awb-order-medium:0;--awb-spacing-right-medium:2.88%;--awb-spacing-left-medium:2.88%;--awb-width-small:100%;--awb-order-small:0;--awb-spacing-right-small:1.92%;--awb-spacing-left-small:1.92%;\"><div class=\"fusion-column-wrapper fusion-column-has-shadow fusion-flex-justify-content-flex-start fusion-content-layout-column\"><div class=\"fusion-text fusion-text-2\"><p>Quand ? Le 10 juillet 2025. Ouverture de la Bergerie \u00e0 19h00 &#8211; Projection \u00e0 19h30, suivie d\u2019une discussion.<\/p>\n<p>Une sortie nature \u00ab\u00a0Observation de la vie d&rsquo;une mare\u00a0\u00bb sera organis\u00e9e le lendemain 11 juillet \u00e0 10h<br \/>\n\u00e0 la Lune en Bouche, St And\u00e9ol en Quint.<\/p>\n<p>C\u2019est payant ?\u00a0L\u2019entr\u00e9e sera au prix de 5 euros minimum conseill\u00e9s (dont 2 euros d\u2019adh\u00e9sion \u00e0 la\u00a0Bergerie\u00a0+ 0,50 euros de participation pour la salle + 2,50 euros de soutien au film). La mairie de St And\u00e9ol participe, par \u00e0 la Dotation biodiversit\u00e9, pour permettre la venue de la r\u00e9alisatrice.<\/p>\n<p>Il ne vous reste plus qu\u2019\u00e0 nous dire si vous pensez \u00eatre pr\u00e9sent.e.s ou non, par mail (expertisenaturaliste@gmail.com), afin que l&rsquo;on puisse jauger le nombre de places \u00e0 installer.<\/p>\n<p>N&rsquo;h\u00e9sitez pas \u00e0 partager l&rsquo;information !<\/p>\n<p>A tr\u00e8s vite,<\/p>\n<p>Thibaut<\/p>\n<\/div><\/div><\/div><\/div><\/div><\/p>\n","protected":false},"excerpt":{"rendered":"","protected":false},"author":1,"featured_media":1210,"comment_status":"closed","ping_status":"open","sticky":false,"template":"","format":"standard","meta":{"footnotes":""},"categories":[12],"tags":[],"class_list":["post-1209","post","type-post","status-publish","format-standard","has-post-thumbnail","hentry","category-archives-2025"],"yoast_head":"<!-- This site is optimized with the Yoast SEO plugin v27.5 - https:\/\/yoast.com\/product\/yoast-seo-wordpress\/ -->\n<title>jeudi 10 juillet 2025 - 19h30 - \u00ab Odyss\u00e9e Mare \u00bb SOIR\u00c9E FILM\u00a0 EN PR\u00c9SENCE\u00a0DE LA R\u00c9ALISATRICE - ASSOCIATION LA BERGERIE<\/title>\n<meta name=\"description\" content=\"Qui n\u2019a jamais r\u00eav\u00e9 d\u2019explorer l\u2019univers ? De partir \u00e0 la recherche d\u2019\u00eatres fantasmagoriques dans un espace infini ? De voyager \u00e0 travers les \u00e9toiles, vers nos origines insoup\u00e7onn\u00e9es ? Et si cette odyss\u00e9e \u00e9tait \u00e0 notre port\u00e9e, dans un cosmos infiniment proche?Bienvenue sur Mare, un monde aquatique en miniature o\u00f9 l\u2019on peut d\u00e9crypter l\u2019histoire de la vie. Unicellulaires, daphnies, hydres, libellules ou martin-p\u00eacheur, autant de merveilleuses poussi\u00e8res d\u2019\u00e9toiles dont voici soulign\u00e9e la fabuleuse parent\u00e9.\u00a0 \u2028La soir\u00e9e sera pr\u00e9c\u00e9d\u00e9e d&#039;un court m\u00e9trage surprise sur le th\u00e8me des Mares.\u00a0La r\u00e9alisatrice, L\u00e9a Collober, sera pr\u00e9sente pour \u00e9changer \u00e0 la fin de la projection, autour du film et du monde fascinant des mares.\" \/>\n<meta name=\"robots\" content=\"index, follow, max-snippet:-1, max-image-preview:large, max-video-preview:-1\" \/>\n<link rel=\"canonical\" href=\"https:\/\/assolabergerie.fr\/index.php\/2025\/06\/19\/film-documentaire-odyssee-mare\/\" \/>\n<meta property=\"og:locale\" content=\"fr_FR\" \/>\n<meta property=\"og:type\" content=\"article\" \/>\n<meta property=\"og:title\" content=\"jeudi 10 juillet 2025 - 19h30 - \u00ab Odyss\u00e9e Mare \u00bb SOIR\u00c9E FILM\u00a0 EN PR\u00c9SENCE\u00a0DE LA R\u00c9ALISATRICE - ASSOCIATION LA BERGERIE\" \/>\n<meta property=\"og:description\" content=\"Qui n\u2019a jamais r\u00eav\u00e9 d\u2019explorer l\u2019univers ? De partir \u00e0 la recherche d\u2019\u00eatres fantasmagoriques dans un espace infini ? De voyager \u00e0 travers les \u00e9toiles, vers nos origines insoup\u00e7onn\u00e9es ? Et si cette odyss\u00e9e \u00e9tait \u00e0 notre port\u00e9e, dans un cosmos infiniment proche?Bienvenue sur Mare, un monde aquatique en miniature o\u00f9 l\u2019on peut d\u00e9crypter l\u2019histoire de la vie. Unicellulaires, daphnies, hydres, libellules ou martin-p\u00eacheur, autant de merveilleuses poussi\u00e8res d\u2019\u00e9toiles dont voici soulign\u00e9e la fabuleuse parent\u00e9.\u00a0 \u2028La soir\u00e9e sera pr\u00e9c\u00e9d\u00e9e d&#039;un court m\u00e9trage surprise sur le th\u00e8me des Mares.\u00a0La r\u00e9alisatrice, L\u00e9a Collober, sera pr\u00e9sente pour \u00e9changer \u00e0 la fin de la projection, autour du film et du monde fascinant des mares.\" \/>\n<meta property=\"og:url\" content=\"https:\/\/assolabergerie.fr\/index.php\/2025\/06\/19\/film-documentaire-odyssee-mare\/\" \/>\n<meta property=\"og:site_name\" content=\"ASSOCIATION LA BERGERIE\" \/>\n<meta property=\"article:published_time\" content=\"2025-06-19T15:02:04+00:00\" \/>\n<meta property=\"article:modified_time\" content=\"2025-07-11T13:17:59+00:00\" \/>\n<meta name=\"author\" content=\"Mathilde\" \/>\n<meta name=\"twitter:card\" content=\"summary_large_image\" \/>\n<meta name=\"twitter:label1\" content=\"\u00c9crit par\" \/>\n\t<meta name=\"twitter:data1\" content=\"Mathilde\" \/>\n\t<meta name=\"twitter:label2\" content=\"Dur\u00e9e de lecture estim\u00e9e\" \/>\n\t<meta name=\"twitter:data2\" content=\"2 minutes\" \/>\n<script type=\"application\/ld+json\" class=\"yoast-schema-graph\">{\"@context\":\"https:\\\/\\\/schema.org\",\"@graph\":[{\"@type\":\"Article\",\"@id\":\"https:\\\/\\\/assolabergerie.fr\\\/index.php\\\/2025\\\/06\\\/19\\\/film-documentaire-odyssee-mare\\\/#article\",\"isPartOf\":{\"@id\":\"https:\\\/\\\/assolabergerie.fr\\\/index.php\\\/2025\\\/06\\\/19\\\/film-documentaire-odyssee-mare\\\/\"},\"author\":{\"name\":\"Mathilde\",\"@id\":\"https:\\\/\\\/assolabergerie.fr\\\/#\\\/schema\\\/person\\\/73f7c2e955339a281e8a77a268ed8aea\"},\"headline\":\"jeudi 10 juillet 2025 &#8211; 19h30 &#8211; \u00ab Odyss\u00e9e Mare \u00bb SOIR\u00c9E FILM\u00a0 EN PR\u00c9SENCE\u00a0DE LA R\u00c9ALISATRICE\",\"datePublished\":\"2025-06-19T15:02:04+00:00\",\"dateModified\":\"2025-07-11T13:17:59+00:00\",\"mainEntityOfPage\":{\"@id\":\"https:\\\/\\\/assolabergerie.fr\\\/index.php\\\/2025\\\/06\\\/19\\\/film-documentaire-odyssee-mare\\\/\"},\"wordCount\":1893,\"publisher\":{\"@id\":\"https:\\\/\\\/assolabergerie.fr\\\/#organization\"},\"image\":{\"@id\":\"https:\\\/\\\/assolabergerie.fr\\\/index.php\\\/2025\\\/06\\\/19\\\/film-documentaire-odyssee-mare\\\/#primaryimage\"},\"thumbnailUrl\":\"https:\\\/\\\/assolabergerie.fr\\\/wp-content\\\/uploads\\\/2025\\\/06\\\/Odysee-Mare-03-pdf.jpg\",\"articleSection\":[\"Archive 2025\"],\"inLanguage\":\"fr-FR\"},{\"@type\":\"WebPage\",\"@id\":\"https:\\\/\\\/assolabergerie.fr\\\/index.php\\\/2025\\\/06\\\/19\\\/film-documentaire-odyssee-mare\\\/\",\"url\":\"https:\\\/\\\/assolabergerie.fr\\\/index.php\\\/2025\\\/06\\\/19\\\/film-documentaire-odyssee-mare\\\/\",\"name\":\"jeudi 10 juillet 2025 - 19h30 - \u00ab Odyss\u00e9e Mare \u00bb SOIR\u00c9E FILM\u00a0 EN PR\u00c9SENCE\u00a0DE LA R\u00c9ALISATRICE - ASSOCIATION LA BERGERIE\",\"isPartOf\":{\"@id\":\"https:\\\/\\\/assolabergerie.fr\\\/#website\"},\"primaryImageOfPage\":{\"@id\":\"https:\\\/\\\/assolabergerie.fr\\\/index.php\\\/2025\\\/06\\\/19\\\/film-documentaire-odyssee-mare\\\/#primaryimage\"},\"image\":{\"@id\":\"https:\\\/\\\/assolabergerie.fr\\\/index.php\\\/2025\\\/06\\\/19\\\/film-documentaire-odyssee-mare\\\/#primaryimage\"},\"thumbnailUrl\":\"https:\\\/\\\/assolabergerie.fr\\\/wp-content\\\/uploads\\\/2025\\\/06\\\/Odysee-Mare-03-pdf.jpg\",\"datePublished\":\"2025-06-19T15:02:04+00:00\",\"dateModified\":\"2025-07-11T13:17:59+00:00\",\"description\":\"Qui n\u2019a jamais r\u00eav\u00e9 d\u2019explorer l\u2019univers ? De partir \u00e0 la recherche d\u2019\u00eatres fantasmagoriques dans un espace infini ? De voyager \u00e0 travers les \u00e9toiles, vers nos origines insoup\u00e7onn\u00e9es ? Et si cette odyss\u00e9e \u00e9tait \u00e0 notre port\u00e9e, dans un cosmos infiniment proche?Bienvenue sur Mare, un monde aquatique en miniature o\u00f9 l\u2019on peut d\u00e9crypter l\u2019histoire de la vie. Unicellulaires, daphnies, hydres, libellules ou martin-p\u00eacheur, autant de merveilleuses poussi\u00e8res d\u2019\u00e9toiles dont voici soulign\u00e9e la fabuleuse parent\u00e9.\u00a0 \\u2028La soir\u00e9e sera pr\u00e9c\u00e9d\u00e9e d'un court m\u00e9trage surprise sur le th\u00e8me des Mares.\u00a0La r\u00e9alisatrice, L\u00e9a Collober, sera pr\u00e9sente pour \u00e9changer \u00e0 la fin de la projection, autour du film et du monde fascinant des mares.\",\"breadcrumb\":{\"@id\":\"https:\\\/\\\/assolabergerie.fr\\\/index.php\\\/2025\\\/06\\\/19\\\/film-documentaire-odyssee-mare\\\/#breadcrumb\"},\"inLanguage\":\"fr-FR\",\"potentialAction\":[{\"@type\":\"ReadAction\",\"target\":[\"https:\\\/\\\/assolabergerie.fr\\\/index.php\\\/2025\\\/06\\\/19\\\/film-documentaire-odyssee-mare\\\/\"]}]},{\"@type\":\"ImageObject\",\"inLanguage\":\"fr-FR\",\"@id\":\"https:\\\/\\\/assolabergerie.fr\\\/index.php\\\/2025\\\/06\\\/19\\\/film-documentaire-odyssee-mare\\\/#primaryimage\",\"url\":\"https:\\\/\\\/assolabergerie.fr\\\/wp-content\\\/uploads\\\/2025\\\/06\\\/Odysee-Mare-03-pdf.jpg\",\"contentUrl\":\"https:\\\/\\\/assolabergerie.fr\\\/wp-content\\\/uploads\\\/2025\\\/06\\\/Odysee-Mare-03-pdf.jpg\"},{\"@type\":\"BreadcrumbList\",\"@id\":\"https:\\\/\\\/assolabergerie.fr\\\/index.php\\\/2025\\\/06\\\/19\\\/film-documentaire-odyssee-mare\\\/#breadcrumb\",\"itemListElement\":[{\"@type\":\"ListItem\",\"position\":1,\"name\":\"Accueil\",\"item\":\"https:\\\/\\\/assolabergerie.fr\\\/\"},{\"@type\":\"ListItem\",\"position\":2,\"name\":\"jeudi 10 juillet 2025 &#8211; 19h30 &#8211; \u00ab Odyss\u00e9e Mare \u00bb SOIR\u00c9E FILM\u00a0 EN PR\u00c9SENCE\u00a0DE LA R\u00c9ALISATRICE\"}]},{\"@type\":\"WebSite\",\"@id\":\"https:\\\/\\\/assolabergerie.fr\\\/#website\",\"url\":\"https:\\\/\\\/assolabergerie.fr\\\/\",\"name\":\"ASSOCIATION LA BERGERIE\",\"description\":\"\",\"publisher\":{\"@id\":\"https:\\\/\\\/assolabergerie.fr\\\/#organization\"},\"potentialAction\":[{\"@type\":\"SearchAction\",\"target\":{\"@type\":\"EntryPoint\",\"urlTemplate\":\"https:\\\/\\\/assolabergerie.fr\\\/?s={search_term_string}\"},\"query-input\":{\"@type\":\"PropertyValueSpecification\",\"valueRequired\":true,\"valueName\":\"search_term_string\"}}],\"inLanguage\":\"fr-FR\"},{\"@type\":\"Organization\",\"@id\":\"https:\\\/\\\/assolabergerie.fr\\\/#organization\",\"name\":\"Association La Bergerie\",\"url\":\"https:\\\/\\\/assolabergerie.fr\\\/\",\"logo\":{\"@type\":\"ImageObject\",\"inLanguage\":\"fr-FR\",\"@id\":\"https:\\\/\\\/assolabergerie.fr\\\/#\\\/schema\\\/logo\\\/image\\\/\",\"url\":\"https:\\\/\\\/assolabergerie.fr\\\/wp-content\\\/uploads\\\/2023\\\/09\\\/faviconBrebis.png\",\"contentUrl\":\"https:\\\/\\\/assolabergerie.fr\\\/wp-content\\\/uploads\\\/2023\\\/09\\\/faviconBrebis.png\",\"width\":64,\"height\":64,\"caption\":\"Association La Bergerie\"},\"image\":{\"@id\":\"https:\\\/\\\/assolabergerie.fr\\\/#\\\/schema\\\/logo\\\/image\\\/\"}},{\"@type\":\"Person\",\"@id\":\"https:\\\/\\\/assolabergerie.fr\\\/#\\\/schema\\\/person\\\/73f7c2e955339a281e8a77a268ed8aea\",\"name\":\"Mathilde\",\"image\":{\"@type\":\"ImageObject\",\"inLanguage\":\"fr-FR\",\"@id\":\"https:\\\/\\\/secure.gravatar.com\\\/avatar\\\/5def61855c654ea84c356c5ef8511abb96dcecd5a657c6b8f232e8fed733e23d?s=96&d=mm&r=g\",\"url\":\"https:\\\/\\\/secure.gravatar.com\\\/avatar\\\/5def61855c654ea84c356c5ef8511abb96dcecd5a657c6b8f232e8fed733e23d?s=96&d=mm&r=g\",\"contentUrl\":\"https:\\\/\\\/secure.gravatar.com\\\/avatar\\\/5def61855c654ea84c356c5ef8511abb96dcecd5a657c6b8f232e8fed733e23d?s=96&d=mm&r=g\",\"caption\":\"Mathilde\"},\"sameAs\":[\"http:\\\/\\\/assolabergerie.fr\"],\"url\":\"https:\\\/\\\/assolabergerie.fr\\\/index.php\\\/author\\\/admin1535\\\/\"}]}<\/script>\n<!-- \/ Yoast SEO plugin. -->","yoast_head_json":{"title":"jeudi 10 juillet 2025 - 19h30 - \u00ab Odyss\u00e9e Mare \u00bb SOIR\u00c9E FILM\u00a0 EN PR\u00c9SENCE\u00a0DE LA R\u00c9ALISATRICE - ASSOCIATION LA BERGERIE","description":"Qui n\u2019a jamais r\u00eav\u00e9 d\u2019explorer l\u2019univers ? De partir \u00e0 la recherche d\u2019\u00eatres fantasmagoriques dans un espace infini ? De voyager \u00e0 travers les \u00e9toiles, vers nos origines insoup\u00e7onn\u00e9es ? Et si cette odyss\u00e9e \u00e9tait \u00e0 notre port\u00e9e, dans un cosmos infiniment proche?Bienvenue sur Mare, un monde aquatique en miniature o\u00f9 l\u2019on peut d\u00e9crypter l\u2019histoire de la vie. Unicellulaires, daphnies, hydres, libellules ou martin-p\u00eacheur, autant de merveilleuses poussi\u00e8res d\u2019\u00e9toiles dont voici soulign\u00e9e la fabuleuse parent\u00e9.\u00a0 \u2028La soir\u00e9e sera pr\u00e9c\u00e9d\u00e9e d'un court m\u00e9trage surprise sur le th\u00e8me des Mares.\u00a0La r\u00e9alisatrice, L\u00e9a Collober, sera pr\u00e9sente pour \u00e9changer \u00e0 la fin de la projection, autour du film et du monde fascinant des mares.","robots":{"index":"index","follow":"follow","max-snippet":"max-snippet:-1","max-image-preview":"max-image-preview:large","max-video-preview":"max-video-preview:-1"},"canonical":"https:\/\/assolabergerie.fr\/index.php\/2025\/06\/19\/film-documentaire-odyssee-mare\/","og_locale":"fr_FR","og_type":"article","og_title":"jeudi 10 juillet 2025 - 19h30 - \u00ab Odyss\u00e9e Mare \u00bb SOIR\u00c9E FILM\u00a0 EN PR\u00c9SENCE\u00a0DE LA R\u00c9ALISATRICE - ASSOCIATION LA BERGERIE","og_description":"Qui n\u2019a jamais r\u00eav\u00e9 d\u2019explorer l\u2019univers ? De partir \u00e0 la recherche d\u2019\u00eatres fantasmagoriques dans un espace infini ? De voyager \u00e0 travers les \u00e9toiles, vers nos origines insoup\u00e7onn\u00e9es ? Et si cette odyss\u00e9e \u00e9tait \u00e0 notre port\u00e9e, dans un cosmos infiniment proche?Bienvenue sur Mare, un monde aquatique en miniature o\u00f9 l\u2019on peut d\u00e9crypter l\u2019histoire de la vie. Unicellulaires, daphnies, hydres, libellules ou martin-p\u00eacheur, autant de merveilleuses poussi\u00e8res d\u2019\u00e9toiles dont voici soulign\u00e9e la fabuleuse parent\u00e9.\u00a0 \u2028La soir\u00e9e sera pr\u00e9c\u00e9d\u00e9e d'un court m\u00e9trage surprise sur le th\u00e8me des Mares.\u00a0La r\u00e9alisatrice, L\u00e9a Collober, sera pr\u00e9sente pour \u00e9changer \u00e0 la fin de la projection, autour du film et du monde fascinant des mares.","og_url":"https:\/\/assolabergerie.fr\/index.php\/2025\/06\/19\/film-documentaire-odyssee-mare\/","og_site_name":"ASSOCIATION LA BERGERIE","article_published_time":"2025-06-19T15:02:04+00:00","article_modified_time":"2025-07-11T13:17:59+00:00","author":"Mathilde","twitter_card":"summary_large_image","twitter_misc":{"\u00c9crit par":"Mathilde","Dur\u00e9e de lecture estim\u00e9e":"2 minutes"},"schema":{"@context":"https:\/\/schema.org","@graph":[{"@type":"Article","@id":"https:\/\/assolabergerie.fr\/index.php\/2025\/06\/19\/film-documentaire-odyssee-mare\/#article","isPartOf":{"@id":"https:\/\/assolabergerie.fr\/index.php\/2025\/06\/19\/film-documentaire-odyssee-mare\/"},"author":{"name":"Mathilde","@id":"https:\/\/assolabergerie.fr\/#\/schema\/person\/73f7c2e955339a281e8a77a268ed8aea"},"headline":"jeudi 10 juillet 2025 &#8211; 19h30 &#8211; \u00ab Odyss\u00e9e Mare \u00bb SOIR\u00c9E FILM\u00a0 EN PR\u00c9SENCE\u00a0DE LA R\u00c9ALISATRICE","datePublished":"2025-06-19T15:02:04+00:00","dateModified":"2025-07-11T13:17:59+00:00","mainEntityOfPage":{"@id":"https:\/\/assolabergerie.fr\/index.php\/2025\/06\/19\/film-documentaire-odyssee-mare\/"},"wordCount":1893,"publisher":{"@id":"https:\/\/assolabergerie.fr\/#organization"},"image":{"@id":"https:\/\/assolabergerie.fr\/index.php\/2025\/06\/19\/film-documentaire-odyssee-mare\/#primaryimage"},"thumbnailUrl":"https:\/\/assolabergerie.fr\/wp-content\/uploads\/2025\/06\/Odysee-Mare-03-pdf.jpg","articleSection":["Archive 2025"],"inLanguage":"fr-FR"},{"@type":"WebPage","@id":"https:\/\/assolabergerie.fr\/index.php\/2025\/06\/19\/film-documentaire-odyssee-mare\/","url":"https:\/\/assolabergerie.fr\/index.php\/2025\/06\/19\/film-documentaire-odyssee-mare\/","name":"jeudi 10 juillet 2025 - 19h30 - \u00ab Odyss\u00e9e Mare \u00bb SOIR\u00c9E FILM\u00a0 EN PR\u00c9SENCE\u00a0DE LA R\u00c9ALISATRICE - ASSOCIATION LA BERGERIE","isPartOf":{"@id":"https:\/\/assolabergerie.fr\/#website"},"primaryImageOfPage":{"@id":"https:\/\/assolabergerie.fr\/index.php\/2025\/06\/19\/film-documentaire-odyssee-mare\/#primaryimage"},"image":{"@id":"https:\/\/assolabergerie.fr\/index.php\/2025\/06\/19\/film-documentaire-odyssee-mare\/#primaryimage"},"thumbnailUrl":"https:\/\/assolabergerie.fr\/wp-content\/uploads\/2025\/06\/Odysee-Mare-03-pdf.jpg","datePublished":"2025-06-19T15:02:04+00:00","dateModified":"2025-07-11T13:17:59+00:00","description":"Qui n\u2019a jamais r\u00eav\u00e9 d\u2019explorer l\u2019univers ? De partir \u00e0 la recherche d\u2019\u00eatres fantasmagoriques dans un espace infini ? De voyager \u00e0 travers les \u00e9toiles, vers nos origines insoup\u00e7onn\u00e9es ? Et si cette odyss\u00e9e \u00e9tait \u00e0 notre port\u00e9e, dans un cosmos infiniment proche?Bienvenue sur Mare, un monde aquatique en miniature o\u00f9 l\u2019on peut d\u00e9crypter l\u2019histoire de la vie. Unicellulaires, daphnies, hydres, libellules ou martin-p\u00eacheur, autant de merveilleuses poussi\u00e8res d\u2019\u00e9toiles dont voici soulign\u00e9e la fabuleuse parent\u00e9.\u00a0 \u2028La soir\u00e9e sera pr\u00e9c\u00e9d\u00e9e d'un court m\u00e9trage surprise sur le th\u00e8me des Mares.\u00a0La r\u00e9alisatrice, L\u00e9a Collober, sera pr\u00e9sente pour \u00e9changer \u00e0 la fin de la projection, autour du film et du monde fascinant des mares.","breadcrumb":{"@id":"https:\/\/assolabergerie.fr\/index.php\/2025\/06\/19\/film-documentaire-odyssee-mare\/#breadcrumb"},"inLanguage":"fr-FR","potentialAction":[{"@type":"ReadAction","target":["https:\/\/assolabergerie.fr\/index.php\/2025\/06\/19\/film-documentaire-odyssee-mare\/"]}]},{"@type":"ImageObject","inLanguage":"fr-FR","@id":"https:\/\/assolabergerie.fr\/index.php\/2025\/06\/19\/film-documentaire-odyssee-mare\/#primaryimage","url":"https:\/\/assolabergerie.fr\/wp-content\/uploads\/2025\/06\/Odysee-Mare-03-pdf.jpg","contentUrl":"https:\/\/assolabergerie.fr\/wp-content\/uploads\/2025\/06\/Odysee-Mare-03-pdf.jpg"},{"@type":"BreadcrumbList","@id":"https:\/\/assolabergerie.fr\/index.php\/2025\/06\/19\/film-documentaire-odyssee-mare\/#breadcrumb","itemListElement":[{"@type":"ListItem","position":1,"name":"Accueil","item":"https:\/\/assolabergerie.fr\/"},{"@type":"ListItem","position":2,"name":"jeudi 10 juillet 2025 &#8211; 19h30 &#8211; \u00ab Odyss\u00e9e Mare \u00bb SOIR\u00c9E FILM\u00a0 EN PR\u00c9SENCE\u00a0DE LA R\u00c9ALISATRICE"}]},{"@type":"WebSite","@id":"https:\/\/assolabergerie.fr\/#website","url":"https:\/\/assolabergerie.fr\/","name":"ASSOCIATION LA BERGERIE","description":"","publisher":{"@id":"https:\/\/assolabergerie.fr\/#organization"},"potentialAction":[{"@type":"SearchAction","target":{"@type":"EntryPoint","urlTemplate":"https:\/\/assolabergerie.fr\/?s={search_term_string}"},"query-input":{"@type":"PropertyValueSpecification","valueRequired":true,"valueName":"search_term_string"}}],"inLanguage":"fr-FR"},{"@type":"Organization","@id":"https:\/\/assolabergerie.fr\/#organization","name":"Association La Bergerie","url":"https:\/\/assolabergerie.fr\/","logo":{"@type":"ImageObject","inLanguage":"fr-FR","@id":"https:\/\/assolabergerie.fr\/#\/schema\/logo\/image\/","url":"https:\/\/assolabergerie.fr\/wp-content\/uploads\/2023\/09\/faviconBrebis.png","contentUrl":"https:\/\/assolabergerie.fr\/wp-content\/uploads\/2023\/09\/faviconBrebis.png","width":64,"height":64,"caption":"Association La Bergerie"},"image":{"@id":"https:\/\/assolabergerie.fr\/#\/schema\/logo\/image\/"}},{"@type":"Person","@id":"https:\/\/assolabergerie.fr\/#\/schema\/person\/73f7c2e955339a281e8a77a268ed8aea","name":"Mathilde","image":{"@type":"ImageObject","inLanguage":"fr-FR","@id":"https:\/\/secure.gravatar.com\/avatar\/5def61855c654ea84c356c5ef8511abb96dcecd5a657c6b8f232e8fed733e23d?s=96&d=mm&r=g","url":"https:\/\/secure.gravatar.com\/avatar\/5def61855c654ea84c356c5ef8511abb96dcecd5a657c6b8f232e8fed733e23d?s=96&d=mm&r=g","contentUrl":"https:\/\/secure.gravatar.com\/avatar\/5def61855c654ea84c356c5ef8511abb96dcecd5a657c6b8f232e8fed733e23d?s=96&d=mm&r=g","caption":"Mathilde"},"sameAs":["http:\/\/assolabergerie.fr"],"url":"https:\/\/assolabergerie.fr\/index.php\/author\/admin1535\/"}]}},"_links":{"self":[{"href":"https:\/\/assolabergerie.fr\/index.php\/wp-json\/wp\/v2\/posts\/1209","targetHints":{"allow":["GET"]}}],"collection":[{"href":"https:\/\/assolabergerie.fr\/index.php\/wp-json\/wp\/v2\/posts"}],"about":[{"href":"https:\/\/assolabergerie.fr\/index.php\/wp-json\/wp\/v2\/types\/post"}],"author":[{"embeddable":true,"href":"https:\/\/assolabergerie.fr\/index.php\/wp-json\/wp\/v2\/users\/1"}],"replies":[{"embeddable":true,"href":"https:\/\/assolabergerie.fr\/index.php\/wp-json\/wp\/v2\/comments?post=1209"}],"version-history":[{"count":3,"href":"https:\/\/assolabergerie.fr\/index.php\/wp-json\/wp\/v2\/posts\/1209\/revisions"}],"predecessor-version":[{"id":1213,"href":"https:\/\/assolabergerie.fr\/index.php\/wp-json\/wp\/v2\/posts\/1209\/revisions\/1213"}],"wp:featuredmedia":[{"embeddable":true,"href":"https:\/\/assolabergerie.fr\/index.php\/wp-json\/wp\/v2\/media\/1210"}],"wp:attachment":[{"href":"https:\/\/assolabergerie.fr\/index.php\/wp-json\/wp\/v2\/media?parent=1209"}],"wp:term":[{"taxonomy":"category","embeddable":true,"href":"https:\/\/assolabergerie.fr\/index.php\/wp-json\/wp\/v2\/categories?post=1209"},{"taxonomy":"post_tag","embeddable":true,"href":"https:\/\/assolabergerie.fr\/index.php\/wp-json\/wp\/v2\/tags?post=1209"}],"curies":[{"name":"wp","href":"https:\/\/api.w.org\/{rel}","templated":true}]}}