{"id":1215,"date":"2025-07-05T12:52:32","date_gmt":"2025-07-05T10:52:32","guid":{"rendered":"https:\/\/assolabergerie.fr\/?p=1215"},"modified":"2025-10-16T13:00:11","modified_gmt":"2025-10-16T11:00:11","slug":"10-11-12-octobre-2025-folies-bergeres-tango-marathon-3","status":"publish","type":"post","link":"https:\/\/assolabergerie.fr\/index.php\/2025\/07\/05\/10-11-12-octobre-2025-folies-bergeres-tango-marathon-3\/","title":{"rendered":"10-11-12  octobre 2025 <br>  Folies Berg\u00e8res Tango Marathon #3<br>"},"content":{"rendered":"<p><div class=\"fusion-fullwidth fullwidth-box fusion-builder-row-1 fusion-flex-container has-pattern-background has-mask-background nonhundred-percent-fullwidth non-hundred-percent-height-scrolling\" style=\"--awb-border-radius-top-left:0px;--awb-border-radius-top-right:0px;--awb-border-radius-bottom-right:0px;--awb-border-radius-bottom-left:0px;--awb-flex-wrap:wrap;\" ><div class=\"fusion-builder-row fusion-row fusion-flex-align-items-flex-start fusion-flex-content-wrap\" style=\"max-width:1248px;margin-left: calc(-4% \/ 2 );margin-right: calc(-4% \/ 2 );\"><div class=\"fusion-layout-column fusion_builder_column fusion-builder-column-0 fusion_builder_column_2_3 2_3 fusion-flex-column\" style=\"--awb-padding-top:18px;--awb-bg-size:cover;--awb-width-large:66.666666666667%;--awb-margin-top-large:0px;--awb-spacing-right-large:2.88%;--awb-margin-bottom-large:20px;--awb-spacing-left-large:2.88%;--awb-width-medium:66.666666666667%;--awb-order-medium:0;--awb-spacing-right-medium:2.88%;--awb-spacing-left-medium:2.88%;--awb-width-small:100%;--awb-order-small:0;--awb-spacing-right-small:1.92%;--awb-spacing-left-small:1.92%;\"><div class=\"fusion-column-wrapper fusion-column-has-shadow fusion-flex-justify-content-flex-start fusion-content-layout-column\"><div class=\"fusion-text fusion-text-1\"><p>Et oui &#8230;. nous sommes trop heureuses de vous proposer une troisi\u00e8me \u00e9dition des \u00ab\u00a0Folies Berg\u00e8res Tango Marathon\u00a0\u00bb !<\/p>\n<p>Du vendredi 10 octobre 2025 au dimanche 12 octobre.<\/p>\n<p>Dans le cadre magnifique et convivial de la Bergerie au c\u0153ur de la Dr\u00f4me.<\/p>\n<\/div><\/div><\/div><\/div><\/div><div class=\"fusion-fullwidth fullwidth-box fusion-builder-row-2 fusion-flex-container has-pattern-background has-mask-background nonhundred-percent-fullwidth non-hundred-percent-height-scrolling\" style=\"--awb-border-radius-top-left:0px;--awb-border-radius-top-right:0px;--awb-border-radius-bottom-right:0px;--awb-border-radius-bottom-left:0px;--awb-flex-wrap:wrap;\" ><div class=\"fusion-builder-row fusion-row fusion-flex-align-items-flex-start fusion-flex-content-wrap\" style=\"max-width:1248px;margin-left: calc(-4% \/ 2 );margin-right: calc(-4% \/ 2 );\"><div class=\"fusion-layout-column fusion_builder_column fusion-builder-column-1 fusion_builder_column_2_3 2_3 fusion-flex-column\" style=\"--awb-padding-top:18px;--awb-bg-size:cover;--awb-width-large:66.666666666667%;--awb-margin-top-large:0px;--awb-spacing-right-large:2.88%;--awb-margin-bottom-large:20px;--awb-spacing-left-large:2.88%;--awb-width-medium:66.666666666667%;--awb-order-medium:0;--awb-spacing-right-medium:2.88%;--awb-spacing-left-medium:2.88%;--awb-width-small:100%;--awb-order-small:0;--awb-spacing-right-small:1.92%;--awb-spacing-left-small:1.92%;\"><div class=\"fusion-column-wrapper fusion-column-has-shadow fusion-flex-justify-content-flex-start fusion-content-layout-column\"><div class=\"fusion-text fusion-text-2\"><p><strong>Les inscriptions sont closes. Merci<br \/>\n<\/strong><\/p>\n<\/div><\/div><\/div><\/div><\/div><div class=\"fusion-fullwidth fullwidth-box fusion-builder-row-3 fusion-flex-container has-pattern-background has-mask-background nonhundred-percent-fullwidth non-hundred-percent-height-scrolling\" style=\"--awb-border-radius-top-left:0px;--awb-border-radius-top-right:0px;--awb-border-radius-bottom-right:0px;--awb-border-radius-bottom-left:0px;--awb-flex-wrap:wrap;\" ><div class=\"fusion-builder-row fusion-row fusion-flex-align-items-flex-start fusion-flex-content-wrap\" style=\"max-width:1248px;margin-left: calc(-4% \/ 2 );margin-right: calc(-4% \/ 2 );\"><div class=\"fusion-layout-column fusion_builder_column fusion-builder-column-2 fusion_builder_column_2_3 2_3 fusion-flex-column\" style=\"--awb-padding-top:18px;--awb-bg-size:cover;--awb-width-large:66.666666666667%;--awb-margin-top-large:0px;--awb-spacing-right-large:2.88%;--awb-margin-bottom-large:20px;--awb-spacing-left-large:2.88%;--awb-width-medium:66.666666666667%;--awb-order-medium:0;--awb-spacing-right-medium:2.88%;--awb-spacing-left-medium:2.88%;--awb-width-small:100%;--awb-order-small:0;--awb-spacing-right-small:1.92%;--awb-spacing-left-small:1.92%;\"><div class=\"fusion-column-wrapper fusion-column-has-shadow fusion-flex-justify-content-flex-start fusion-content-layout-column\"><div class=\"fusion-text fusion-text-3\"><p>L&rsquo;inscription en couple n&rsquo;est pas obligatoire, mais nous connaissons tous.tes la r\u00e9alit\u00e9 du bal et l&rsquo;importance de la parit\u00e9 entre guide et interpr\u00e8te. Si tu as un ou une guide ou interpr\u00e8te que tu appr\u00e9cies et avec qui tu aimerais partager cet \u00e9v\u00e8nement, aide-nous \u00e0 cr\u00e9er l&rsquo;\u00e9quilibre. Nous ferons aussi la part belle au double r\u00f4le.<\/p>\n<p>Nous serons 99, staff compris \u00e0 danser sur le parquet de La Bergerie de Saint-Etienne-en-Quint (Dr\u00f4me)<br \/>\nchez Mathilde et Valentin.<\/p>\n<\/div><div class=\"fusion-text fusion-text-4\"><p>25h de danse \u00e0 des heures raisonnables,<br \/>\n99 danseureuses dont le staff<br \/>\n5 DJs pour r\u00e9jouir nos oreilles : en programmation \ud83d\ude42 &#8230;<\/p>\n<\/div><div class=\"fusion-text fusion-text-5\"><p>100m2 de parquet tout doux<br \/>\n1 repas en auberge espagnole le vendredi soir<br \/>\n2 petits d\u00e9jeuners l\u00e9gers<br \/>\n3 repas : 2 buffets de midi et 1 repas du soir<\/p>\n<\/div><\/div><\/div><\/div><\/div><div class=\"fusion-fullwidth fullwidth-box fusion-builder-row-4 fusion-flex-container has-pattern-background has-mask-background nonhundred-percent-fullwidth non-hundred-percent-height-scrolling\" style=\"--awb-border-radius-top-left:0px;--awb-border-radius-top-right:0px;--awb-border-radius-bottom-right:0px;--awb-border-radius-bottom-left:0px;--awb-flex-wrap:wrap;\" ><div class=\"fusion-builder-row fusion-row fusion-flex-align-items-flex-start fusion-flex-content-wrap\" style=\"max-width:1248px;margin-left: calc(-4% \/ 2 );margin-right: calc(-4% \/ 2 );\"><div class=\"fusion-layout-column fusion_builder_column fusion-builder-column-3 fusion_builder_column_1_3 1_3 fusion-flex-column\" style=\"--awb-bg-size:cover;--awb-width-large:33.333333333333%;--awb-margin-top-large:0px;--awb-spacing-right-large:5.76%;--awb-margin-bottom-large:20px;--awb-spacing-left-large:5.76%;--awb-width-medium:33.333333333333%;--awb-order-medium:0;--awb-spacing-right-medium:5.76%;--awb-spacing-left-medium:5.76%;--awb-width-small:100%;--awb-order-small:0;--awb-spacing-right-small:1.92%;--awb-spacing-left-small:1.92%;\"><div class=\"fusion-column-wrapper fusion-column-has-shadow fusion-flex-justify-content-flex-start fusion-content-layout-column\"><div class=\"fusion-title title fusion-title-1 fusion-sep-none fusion-title-text fusion-title-size-four\"><h4 class=\"fusion-title-heading title-heading-left\" style=\"margin:0;\">LES LIEUX :<\/h4><\/div><\/div><\/div><div class=\"fusion-layout-column fusion_builder_column fusion-builder-column-4 fusion_builder_column_2_3 2_3 fusion-flex-column\" style=\"--awb-padding-top:18px;--awb-bg-size:cover;--awb-width-large:66.666666666667%;--awb-margin-top-large:0px;--awb-spacing-right-large:2.88%;--awb-margin-bottom-large:20px;--awb-spacing-left-large:2.88%;--awb-width-medium:66.666666666667%;--awb-order-medium:0;--awb-spacing-right-medium:2.88%;--awb-spacing-left-medium:2.88%;--awb-width-small:100%;--awb-order-small:0;--awb-spacing-right-small:1.92%;--awb-spacing-left-small:1.92%;\"><div class=\"fusion-column-wrapper fusion-column-has-shadow fusion-flex-justify-content-flex-start fusion-content-layout-column\"><div class=\"fusion-text fusion-text-6\"><p>HEBERGEMENT<br \/>\nDiff\u00e9rentes formules d&rsquo;h\u00e9bergement : en chambre \u00e0 11 min en voiture de la Bergerie, ou sur place en tente, ou camion (places tr\u00e8s limit\u00e9es)<\/p>\n<p>CADRE<br \/>\nLe Diois offre un cadre rural sauvage dans les contreforts du Vercors, id\u00e9al pour se balader, faire de l&rsquo;escalade.<br \/>\nLes march\u00e9s hebdomadaires samedi matin \u00e0 Die et dimanche matin \u00e0 Saillans sont l&rsquo;occasion de plonger dans l&rsquo;ambiance locale pour y d\u00e9couvrir des produits issus de l&rsquo;agriculture paysanne.<\/p>\n<\/div><div class=\"fusion-text fusion-text-7\"><p><strong>LA PISTE DE DANSE<\/strong> Adresse de la Bergerie :<br \/>\n45 Rte du Col D\u2019An\u00e8s, hameau de St Etienne, 26150 Saint-And\u00e9ol, <a href=\"https:\/\/assolabergerie.fr\/index.php\/infos-pratiques\/\" target=\"_blank\" rel=\"noopener\" data-saferedirecturl=\"https:\/\/www.google.com\/url?q=https:\/\/assolabergerie.fr\/index.php\/infos-pratiques\/&amp;source=gmail&amp;ust=1716127027901000&amp;usg=AOvVaw3wnV2_tIkW76QzzgY9hjcA\">Adresse de la Bergerie<\/a><\/p>\n<p><strong>LE GITE<\/strong> Adresse de l&rsquo;h\u00e9bergement \u00e0 la Maison du col :<br \/>\n2941 route de Saint Julien, Col de Marignac, 26150 Marignac-en-Diois, <a href=\"https:\/\/www.google.com\/maps\/place\/Maison+du+Col\/@44.808715,5.263162,14z\/data=!4m6!3m5!1s0x12cab3bc171813b7:0x480fc3c5dab4e3ac!8m2!3d44.812413!4d5.3030086!16s%2Fg%2F11mx917rqd?hl=fr&amp;entry=ttu\" target=\"_blank\" rel=\"noopener\" data-saferedirecturl=\"https:\/\/www.google.com\/url?q=https:\/\/www.google.com\/maps\/place\/Maison%2Bdu%2BCol\/@44.808715,5.263162,14z\/data%3D!4m6!3m5!1s0x12cab3bc171813b7:0x480fc3c5dab4e3ac!8m2!3d44.812413!4d5.3030086!16s%252Fg%252F11mx917rqd?hl%3Dfr%26entry%3Dttu&amp;source=gmail&amp;ust=1716127027901000&amp;usg=AOvVaw0bhK9jozqOQ-jhcyCN_NjJ\">Adresse de l&rsquo;h\u00e9bergement \u00e0 la Maison du col<\/a><\/p>\n<p><strong>GARES LES PLUS PROCHES<\/strong><br \/>\n15 min en voiture de la gare SNCF de DIE ter\/car<br \/>\n1h15 en voiture de la gare SNCF de Valence TGV + location de voiture<br \/>\n1h15 en voiture de la gare SNCF de Valence Ville + location de voiture<\/p>\n<p>Des covoiturages seront mis en place depuis la gare de Die, et entre le gite et la Bergerie.<\/p>\n<\/div><\/div><\/div><\/div><\/div><div class=\"fusion-fullwidth fullwidth-box fusion-builder-row-5 fusion-flex-container has-pattern-background has-mask-background nonhundred-percent-fullwidth non-hundred-percent-height-scrolling\" style=\"--awb-border-radius-top-left:0px;--awb-border-radius-top-right:0px;--awb-border-radius-bottom-right:0px;--awb-border-radius-bottom-left:0px;--awb-flex-wrap:wrap;\" ><div class=\"fusion-builder-row fusion-row fusion-flex-align-items-flex-start fusion-flex-content-wrap\" style=\"max-width:1248px;margin-left: calc(-4% \/ 2 );margin-right: calc(-4% \/ 2 );\"><div class=\"fusion-layout-column fusion_builder_column fusion-builder-column-5 fusion_builder_column_1_3 1_3 fusion-flex-column\" style=\"--awb-bg-size:cover;--awb-width-large:33.333333333333%;--awb-margin-top-large:0px;--awb-spacing-right-large:5.76%;--awb-margin-bottom-large:20px;--awb-spacing-left-large:5.76%;--awb-width-medium:33.333333333333%;--awb-order-medium:0;--awb-spacing-right-medium:5.76%;--awb-spacing-left-medium:5.76%;--awb-width-small:100%;--awb-order-small:0;--awb-spacing-right-small:1.92%;--awb-spacing-left-small:1.92%;\"><div class=\"fusion-column-wrapper fusion-column-has-shadow fusion-flex-justify-content-flex-start fusion-content-layout-column\"><div class=\"fusion-title title fusion-title-2 fusion-sep-none fusion-title-text fusion-title-size-four\"><h4 class=\"fusion-title-heading title-heading-left\" style=\"margin:0;\">PROGRAMME indicatif<\/h4><\/div><\/div><\/div><div class=\"fusion-layout-column fusion_builder_column fusion-builder-column-6 fusion_builder_column_2_3 2_3 fusion-flex-column\" style=\"--awb-padding-top:18px;--awb-bg-size:cover;--awb-width-large:66.666666666667%;--awb-margin-top-large:0px;--awb-spacing-right-large:2.88%;--awb-margin-bottom-large:20px;--awb-spacing-left-large:2.88%;--awb-width-medium:66.666666666667%;--awb-order-medium:0;--awb-spacing-right-medium:2.88%;--awb-spacing-left-medium:2.88%;--awb-width-small:100%;--awb-order-small:0;--awb-spacing-right-small:1.92%;--awb-spacing-left-small:1.92%;\"><div class=\"fusion-column-wrapper fusion-column-has-shadow fusion-flex-justify-content-flex-start fusion-content-layout-column\"><div class=\"fusion-text fusion-text-8\"><p><span style=\"font-family: Arial, sans-serif;\"><span style=\"font-size: medium;\"><b>vendredi 10 octobre 2025 18h accueil, <\/b><b>danse<\/b><b> 20h \u00e0 1h<\/b> <\/span><\/span><\/p>\n<p><span style=\"font-family: Arial, sans-serif;\"><span style=\"font-size: medium;\">DJ + surprise<\/span><\/span><\/p>\n<p><span style=\"font-family: Arial, sans-serif;\"><span style=\"font-size: medium;\">Repas auberge espagnole, apportes de quoi partager \u00e0 boire et \u00e0 manger<\/span><\/span><\/p>\n<p><span style=\"font-family: Arial, sans-serif;\"><span style=\"font-size: medium;\"><b>samedi 11 octobre <\/b><b>danse non STOP <\/b><b>Midi-minuit <\/b><\/span><\/span><\/p>\n<p><span style=\"font-family: Arial, sans-serif;\"><span style=\"font-size: medium;\">DJ + surprise<\/span><\/span><\/p>\n<p><span style=\"font-family: Arial, sans-serif;\"><span style=\"font-size: medium;\">Petit d\u00e9j, buffet brunch et repas soir<\/span><\/span><\/p>\n<p><span style=\"font-family: Arial, sans-serif;\"><span style=\"font-size: medium;\"><b>Dimanche 12 octobre <\/b><b>danse non STOP <\/b><b>de 1<\/b><b>1<\/b><b>h \u00e0 19h<\/b><\/span><\/span><\/p>\n<div><span style=\"font-family: Arial, sans-serif;\"><span style=\"font-size: medium;\">Petit dej, buffet brunch<\/span><\/span><\/div>\n<\/div><\/div><\/div><\/div><\/div><div class=\"fusion-fullwidth fullwidth-box fusion-builder-row-6 fusion-flex-container has-pattern-background has-mask-background nonhundred-percent-fullwidth non-hundred-percent-height-scrolling\" style=\"--awb-border-radius-top-left:0px;--awb-border-radius-top-right:0px;--awb-border-radius-bottom-right:0px;--awb-border-radius-bottom-left:0px;--awb-flex-wrap:wrap;\" ><div class=\"fusion-builder-row fusion-row fusion-flex-align-items-flex-start fusion-flex-content-wrap\" style=\"max-width:1248px;margin-left: calc(-4% \/ 2 );margin-right: calc(-4% \/ 2 );\"><div class=\"fusion-layout-column fusion_builder_column fusion-builder-column-7 fusion_builder_column_1_3 1_3 fusion-flex-column\" style=\"--awb-bg-size:cover;--awb-width-large:33.333333333333%;--awb-margin-top-large:0px;--awb-spacing-right-large:5.76%;--awb-margin-bottom-large:20px;--awb-spacing-left-large:5.76%;--awb-width-medium:33.333333333333%;--awb-order-medium:0;--awb-spacing-right-medium:5.76%;--awb-spacing-left-medium:5.76%;--awb-width-small:100%;--awb-order-small:0;--awb-spacing-right-small:1.92%;--awb-spacing-left-small:1.92%;\"><div class=\"fusion-column-wrapper fusion-column-has-shadow fusion-flex-justify-content-flex-start fusion-content-layout-column\"><div class=\"fusion-title title fusion-title-3 fusion-sep-none fusion-title-text fusion-title-size-four\"><h4 class=\"fusion-title-heading title-heading-left\" style=\"margin:0;\">Tarifs<\/h4><\/div><\/div><\/div><div class=\"fusion-layout-column fusion_builder_column fusion-builder-column-8 fusion_builder_column_2_3 2_3 fusion-flex-column\" style=\"--awb-padding-top:18px;--awb-bg-size:cover;--awb-width-large:66.666666666667%;--awb-margin-top-large:0px;--awb-spacing-right-large:2.88%;--awb-margin-bottom-large:20px;--awb-spacing-left-large:2.88%;--awb-width-medium:66.666666666667%;--awb-order-medium:0;--awb-spacing-right-medium:2.88%;--awb-spacing-left-medium:2.88%;--awb-width-small:100%;--awb-order-small:0;--awb-spacing-right-small:1.92%;--awb-spacing-left-small:1.92%;\"><div class=\"fusion-column-wrapper fusion-column-has-shadow fusion-flex-justify-content-flex-start fusion-content-layout-column\"><div class=\"fusion-text fusion-text-9\"><p>adh\u00e9sion asso l&rsquo;Entremeleuse 5\u20ac (ann\u00e9e scolaire sept 2025-sept 2026)<\/p>\n<p>140\u20ac : pass milonga + tous les repas + h\u00e9bergement \u00e0 la maison du col en chambr\u00e9e de 3 \u00e0 6 personnes<br \/>\n110\u20ac : pass milonga + tous les repas, camping car, voiture ou tente dans le jardin (place tr\u00e8s limit\u00e9es)<br \/>\n90\u20ac : pass milonga + tous les repas, dodo \u00e0 l\u2019exterieur<\/p>\n<p><strong>Si le prix du marathon est un obstacle pour vous, on vous remercie vraiment de nous contacter pour trouver des solutions ensemble.<\/strong><\/p>\n<\/div><\/div><\/div><\/div><\/div><div class=\"fusion-fullwidth fullwidth-box fusion-builder-row-7 fusion-flex-container has-pattern-background has-mask-background nonhundred-percent-fullwidth non-hundred-percent-height-scrolling\" style=\"--awb-border-radius-top-left:0px;--awb-border-radius-top-right:0px;--awb-border-radius-bottom-right:0px;--awb-border-radius-bottom-left:0px;--awb-flex-wrap:wrap;\" ><div class=\"fusion-builder-row fusion-row fusion-flex-align-items-flex-start fusion-flex-content-wrap\" style=\"max-width:1248px;margin-left: calc(-4% \/ 2 );margin-right: calc(-4% \/ 2 );\"><div class=\"fusion-layout-column fusion_builder_column fusion-builder-column-9 fusion_builder_column_1_1 1_1 fusion-flex-column\" style=\"--awb-bg-size:cover;--awb-width-large:100%;--awb-margin-top-large:0px;--awb-spacing-right-large:1.92%;--awb-margin-bottom-large:20px;--awb-spacing-left-large:1.92%;--awb-width-medium:100%;--awb-order-medium:0;--awb-spacing-right-medium:1.92%;--awb-spacing-left-medium:1.92%;--awb-width-small:100%;--awb-order-small:0;--awb-spacing-right-small:1.92%;--awb-spacing-left-small:1.92%;\"><div class=\"fusion-column-wrapper fusion-column-has-shadow fusion-flex-justify-content-flex-start fusion-content-layout-column\"><div class=\"fusion-image-element \" style=\"--awb-caption-title-font-family:var(--h2_typography-font-family);--awb-caption-title-font-weight:var(--h2_typography-font-weight);--awb-caption-title-font-style:var(--h2_typography-font-style);--awb-caption-title-size:var(--h2_typography-font-size);--awb-caption-title-transform:var(--h2_typography-text-transform);--awb-caption-title-line-height:var(--h2_typography-line-height);--awb-caption-title-letter-spacing:var(--h2_typography-letter-spacing);\"><span class=\" fusion-imageframe imageframe-none imageframe-1 hover-type-none\"><img decoding=\"async\" width=\"1024\" height=\"379\" title=\"bandeau_FB_groupe\" src=\"https:\/\/assolabergerie.fr\/wp-content\/uploads\/2025\/07\/bandeau_FB_groupe-1024x379.jpg\" alt class=\"img-responsive wp-image-1221\" srcset=\"https:\/\/assolabergerie.fr\/wp-content\/uploads\/2025\/07\/bandeau_FB_groupe-200x74.jpg 200w, https:\/\/assolabergerie.fr\/wp-content\/uploads\/2025\/07\/bandeau_FB_groupe-400x148.jpg 400w, https:\/\/assolabergerie.fr\/wp-content\/uploads\/2025\/07\/bandeau_FB_groupe-600x222.jpg 600w, https:\/\/assolabergerie.fr\/wp-content\/uploads\/2025\/07\/bandeau_FB_groupe-800x296.jpg 800w, https:\/\/assolabergerie.fr\/wp-content\/uploads\/2025\/07\/bandeau_FB_groupe-1200x445.jpg 1200w, https:\/\/assolabergerie.fr\/wp-content\/uploads\/2025\/07\/bandeau_FB_groupe.jpg 1773w\" sizes=\"(max-width: 640px) 100vw, 1200px\" \/><\/span><\/div><\/div><\/div><\/div><\/div><\/p>\n","protected":false},"excerpt":{"rendered":"","protected":false},"author":1,"featured_media":1220,"comment_status":"closed","ping_status":"open","sticky":false,"template":"","format":"standard","meta":{"footnotes":""},"categories":[12],"tags":[],"class_list":["post-1215","post","type-post","status-publish","format-standard","has-post-thumbnail","hentry","category-archives-2025"],"yoast_head":"<!-- This site is optimized with the Yoast SEO plugin v27.5 - https:\/\/yoast.com\/product\/yoast-seo-wordpress\/ -->\n<title>10-11-12 octobre 2025  Folies Berg\u00e8res Tango Marathon #3 - ASSOCIATION LA BERGERIE<\/title>\n<meta name=\"description\" content=\"Tango marathon octobre 2025\" \/>\n<meta name=\"robots\" content=\"index, follow, max-snippet:-1, max-image-preview:large, max-video-preview:-1\" \/>\n<link rel=\"canonical\" href=\"https:\/\/assolabergerie.fr\/index.php\/2025\/07\/05\/10-11-12-octobre-2025-folies-bergeres-tango-marathon-3\/\" \/>\n<meta property=\"og:locale\" content=\"fr_FR\" \/>\n<meta property=\"og:type\" content=\"article\" \/>\n<meta property=\"og:title\" content=\"10-11-12 octobre 2025  Folies Berg\u00e8res Tango Marathon #3 - ASSOCIATION LA BERGERIE\" \/>\n<meta property=\"og:description\" content=\"Tango marathon octobre 2025\" \/>\n<meta property=\"og:url\" content=\"https:\/\/assolabergerie.fr\/index.php\/2025\/07\/05\/10-11-12-octobre-2025-folies-bergeres-tango-marathon-3\/\" \/>\n<meta property=\"og:site_name\" content=\"ASSOCIATION LA BERGERIE\" \/>\n<meta property=\"article:published_time\" content=\"2025-07-05T10:52:32+00:00\" \/>\n<meta property=\"article:modified_time\" content=\"2025-10-16T11:00:11+00:00\" \/>\n<meta property=\"og:image\" content=\"https:\/\/assolabergerie.fr\/wp-content\/uploads\/2025\/07\/FBTM2_bandeau-FB-web-1.jpg\" \/>\n\t<meta property=\"og:image:width\" content=\"1773\" \/>\n\t<meta property=\"og:image:height\" content=\"657\" \/>\n\t<meta property=\"og:image:type\" content=\"image\/jpeg\" \/>\n<meta name=\"author\" content=\"Mathilde\" \/>\n<meta name=\"twitter:card\" content=\"summary_large_image\" \/>\n<meta name=\"twitter:label1\" content=\"\u00c9crit par\" \/>\n\t<meta name=\"twitter:data1\" content=\"Mathilde\" \/>\n\t<meta name=\"twitter:label2\" content=\"Dur\u00e9e de lecture estim\u00e9e\" \/>\n\t<meta name=\"twitter:data2\" content=\"3 minutes\" \/>\n<script type=\"application\/ld+json\" class=\"yoast-schema-graph\">{\"@context\":\"https:\\\/\\\/schema.org\",\"@graph\":[{\"@type\":\"Article\",\"@id\":\"https:\\\/\\\/assolabergerie.fr\\\/index.php\\\/2025\\\/07\\\/05\\\/10-11-12-octobre-2025-folies-bergeres-tango-marathon-3\\\/#article\",\"isPartOf\":{\"@id\":\"https:\\\/\\\/assolabergerie.fr\\\/index.php\\\/2025\\\/07\\\/05\\\/10-11-12-octobre-2025-folies-bergeres-tango-marathon-3\\\/\"},\"author\":{\"name\":\"Mathilde\",\"@id\":\"https:\\\/\\\/assolabergerie.fr\\\/#\\\/schema\\\/person\\\/73f7c2e955339a281e8a77a268ed8aea\"},\"headline\":\"10-11-12 octobre 2025 Folies Berg\u00e8res Tango Marathon #3\",\"datePublished\":\"2025-07-05T10:52:32+00:00\",\"dateModified\":\"2025-10-16T11:00:11+00:00\",\"mainEntityOfPage\":{\"@id\":\"https:\\\/\\\/assolabergerie.fr\\\/index.php\\\/2025\\\/07\\\/05\\\/10-11-12-octobre-2025-folies-bergeres-tango-marathon-3\\\/\"},\"wordCount\":6264,\"publisher\":{\"@id\":\"https:\\\/\\\/assolabergerie.fr\\\/#organization\"},\"image\":{\"@id\":\"https:\\\/\\\/assolabergerie.fr\\\/index.php\\\/2025\\\/07\\\/05\\\/10-11-12-octobre-2025-folies-bergeres-tango-marathon-3\\\/#primaryimage\"},\"thumbnailUrl\":\"https:\\\/\\\/assolabergerie.fr\\\/wp-content\\\/uploads\\\/2025\\\/07\\\/FBTM2_bandeau-FB-web-1.jpg\",\"articleSection\":[\"Archive 2025\"],\"inLanguage\":\"fr-FR\"},{\"@type\":\"WebPage\",\"@id\":\"https:\\\/\\\/assolabergerie.fr\\\/index.php\\\/2025\\\/07\\\/05\\\/10-11-12-octobre-2025-folies-bergeres-tango-marathon-3\\\/\",\"url\":\"https:\\\/\\\/assolabergerie.fr\\\/index.php\\\/2025\\\/07\\\/05\\\/10-11-12-octobre-2025-folies-bergeres-tango-marathon-3\\\/\",\"name\":\"10-11-12 octobre 2025 Folies Berg\u00e8res Tango Marathon #3 - ASSOCIATION LA BERGERIE\",\"isPartOf\":{\"@id\":\"https:\\\/\\\/assolabergerie.fr\\\/#website\"},\"primaryImageOfPage\":{\"@id\":\"https:\\\/\\\/assolabergerie.fr\\\/index.php\\\/2025\\\/07\\\/05\\\/10-11-12-octobre-2025-folies-bergeres-tango-marathon-3\\\/#primaryimage\"},\"image\":{\"@id\":\"https:\\\/\\\/assolabergerie.fr\\\/index.php\\\/2025\\\/07\\\/05\\\/10-11-12-octobre-2025-folies-bergeres-tango-marathon-3\\\/#primaryimage\"},\"thumbnailUrl\":\"https:\\\/\\\/assolabergerie.fr\\\/wp-content\\\/uploads\\\/2025\\\/07\\\/FBTM2_bandeau-FB-web-1.jpg\",\"datePublished\":\"2025-07-05T10:52:32+00:00\",\"dateModified\":\"2025-10-16T11:00:11+00:00\",\"description\":\"Tango marathon octobre 2025\",\"breadcrumb\":{\"@id\":\"https:\\\/\\\/assolabergerie.fr\\\/index.php\\\/2025\\\/07\\\/05\\\/10-11-12-octobre-2025-folies-bergeres-tango-marathon-3\\\/#breadcrumb\"},\"inLanguage\":\"fr-FR\",\"potentialAction\":[{\"@type\":\"ReadAction\",\"target\":[\"https:\\\/\\\/assolabergerie.fr\\\/index.php\\\/2025\\\/07\\\/05\\\/10-11-12-octobre-2025-folies-bergeres-tango-marathon-3\\\/\"]}]},{\"@type\":\"ImageObject\",\"inLanguage\":\"fr-FR\",\"@id\":\"https:\\\/\\\/assolabergerie.fr\\\/index.php\\\/2025\\\/07\\\/05\\\/10-11-12-octobre-2025-folies-bergeres-tango-marathon-3\\\/#primaryimage\",\"url\":\"https:\\\/\\\/assolabergerie.fr\\\/wp-content\\\/uploads\\\/2025\\\/07\\\/FBTM2_bandeau-FB-web-1.jpg\",\"contentUrl\":\"https:\\\/\\\/assolabergerie.fr\\\/wp-content\\\/uploads\\\/2025\\\/07\\\/FBTM2_bandeau-FB-web-1.jpg\",\"width\":1773,\"height\":657},{\"@type\":\"BreadcrumbList\",\"@id\":\"https:\\\/\\\/assolabergerie.fr\\\/index.php\\\/2025\\\/07\\\/05\\\/10-11-12-octobre-2025-folies-bergeres-tango-marathon-3\\\/#breadcrumb\",\"itemListElement\":[{\"@type\":\"ListItem\",\"position\":1,\"name\":\"Accueil\",\"item\":\"https:\\\/\\\/assolabergerie.fr\\\/\"},{\"@type\":\"ListItem\",\"position\":2,\"name\":\"10-11-12 octobre 2025 Folies Berg\u00e8res Tango Marathon #3\"}]},{\"@type\":\"WebSite\",\"@id\":\"https:\\\/\\\/assolabergerie.fr\\\/#website\",\"url\":\"https:\\\/\\\/assolabergerie.fr\\\/\",\"name\":\"ASSOCIATION LA BERGERIE\",\"description\":\"\",\"publisher\":{\"@id\":\"https:\\\/\\\/assolabergerie.fr\\\/#organization\"},\"potentialAction\":[{\"@type\":\"SearchAction\",\"target\":{\"@type\":\"EntryPoint\",\"urlTemplate\":\"https:\\\/\\\/assolabergerie.fr\\\/?s={search_term_string}\"},\"query-input\":{\"@type\":\"PropertyValueSpecification\",\"valueRequired\":true,\"valueName\":\"search_term_string\"}}],\"inLanguage\":\"fr-FR\"},{\"@type\":\"Organization\",\"@id\":\"https:\\\/\\\/assolabergerie.fr\\\/#organization\",\"name\":\"Association La Bergerie\",\"url\":\"https:\\\/\\\/assolabergerie.fr\\\/\",\"logo\":{\"@type\":\"ImageObject\",\"inLanguage\":\"fr-FR\",\"@id\":\"https:\\\/\\\/assolabergerie.fr\\\/#\\\/schema\\\/logo\\\/image\\\/\",\"url\":\"https:\\\/\\\/assolabergerie.fr\\\/wp-content\\\/uploads\\\/2023\\\/09\\\/faviconBrebis.png\",\"contentUrl\":\"https:\\\/\\\/assolabergerie.fr\\\/wp-content\\\/uploads\\\/2023\\\/09\\\/faviconBrebis.png\",\"width\":64,\"height\":64,\"caption\":\"Association La Bergerie\"},\"image\":{\"@id\":\"https:\\\/\\\/assolabergerie.fr\\\/#\\\/schema\\\/logo\\\/image\\\/\"}},{\"@type\":\"Person\",\"@id\":\"https:\\\/\\\/assolabergerie.fr\\\/#\\\/schema\\\/person\\\/73f7c2e955339a281e8a77a268ed8aea\",\"name\":\"Mathilde\",\"image\":{\"@type\":\"ImageObject\",\"inLanguage\":\"fr-FR\",\"@id\":\"https:\\\/\\\/secure.gravatar.com\\\/avatar\\\/5def61855c654ea84c356c5ef8511abb96dcecd5a657c6b8f232e8fed733e23d?s=96&d=mm&r=g\",\"url\":\"https:\\\/\\\/secure.gravatar.com\\\/avatar\\\/5def61855c654ea84c356c5ef8511abb96dcecd5a657c6b8f232e8fed733e23d?s=96&d=mm&r=g\",\"contentUrl\":\"https:\\\/\\\/secure.gravatar.com\\\/avatar\\\/5def61855c654ea84c356c5ef8511abb96dcecd5a657c6b8f232e8fed733e23d?s=96&d=mm&r=g\",\"caption\":\"Mathilde\"},\"sameAs\":[\"http:\\\/\\\/assolabergerie.fr\"],\"url\":\"https:\\\/\\\/assolabergerie.fr\\\/index.php\\\/author\\\/admin1535\\\/\"}]}<\/script>\n<!-- \/ Yoast SEO plugin. -->","yoast_head_json":{"title":"10-11-12 octobre 2025  Folies Berg\u00e8res Tango Marathon #3 - ASSOCIATION LA BERGERIE","description":"Tango marathon octobre 2025","robots":{"index":"index","follow":"follow","max-snippet":"max-snippet:-1","max-image-preview":"max-image-preview:large","max-video-preview":"max-video-preview:-1"},"canonical":"https:\/\/assolabergerie.fr\/index.php\/2025\/07\/05\/10-11-12-octobre-2025-folies-bergeres-tango-marathon-3\/","og_locale":"fr_FR","og_type":"article","og_title":"10-11-12 octobre 2025  Folies Berg\u00e8res Tango Marathon #3 - ASSOCIATION LA BERGERIE","og_description":"Tango marathon octobre 2025","og_url":"https:\/\/assolabergerie.fr\/index.php\/2025\/07\/05\/10-11-12-octobre-2025-folies-bergeres-tango-marathon-3\/","og_site_name":"ASSOCIATION LA BERGERIE","article_published_time":"2025-07-05T10:52:32+00:00","article_modified_time":"2025-10-16T11:00:11+00:00","og_image":[{"width":1773,"height":657,"url":"https:\/\/assolabergerie.fr\/wp-content\/uploads\/2025\/07\/FBTM2_bandeau-FB-web-1.jpg","type":"image\/jpeg"}],"author":"Mathilde","twitter_card":"summary_large_image","twitter_misc":{"\u00c9crit par":"Mathilde","Dur\u00e9e de lecture estim\u00e9e":"3 minutes"},"schema":{"@context":"https:\/\/schema.org","@graph":[{"@type":"Article","@id":"https:\/\/assolabergerie.fr\/index.php\/2025\/07\/05\/10-11-12-octobre-2025-folies-bergeres-tango-marathon-3\/#article","isPartOf":{"@id":"https:\/\/assolabergerie.fr\/index.php\/2025\/07\/05\/10-11-12-octobre-2025-folies-bergeres-tango-marathon-3\/"},"author":{"name":"Mathilde","@id":"https:\/\/assolabergerie.fr\/#\/schema\/person\/73f7c2e955339a281e8a77a268ed8aea"},"headline":"10-11-12 octobre 2025 Folies Berg\u00e8res Tango Marathon #3","datePublished":"2025-07-05T10:52:32+00:00","dateModified":"2025-10-16T11:00:11+00:00","mainEntityOfPage":{"@id":"https:\/\/assolabergerie.fr\/index.php\/2025\/07\/05\/10-11-12-octobre-2025-folies-bergeres-tango-marathon-3\/"},"wordCount":6264,"publisher":{"@id":"https:\/\/assolabergerie.fr\/#organization"},"image":{"@id":"https:\/\/assolabergerie.fr\/index.php\/2025\/07\/05\/10-11-12-octobre-2025-folies-bergeres-tango-marathon-3\/#primaryimage"},"thumbnailUrl":"https:\/\/assolabergerie.fr\/wp-content\/uploads\/2025\/07\/FBTM2_bandeau-FB-web-1.jpg","articleSection":["Archive 2025"],"inLanguage":"fr-FR"},{"@type":"WebPage","@id":"https:\/\/assolabergerie.fr\/index.php\/2025\/07\/05\/10-11-12-octobre-2025-folies-bergeres-tango-marathon-3\/","url":"https:\/\/assolabergerie.fr\/index.php\/2025\/07\/05\/10-11-12-octobre-2025-folies-bergeres-tango-marathon-3\/","name":"10-11-12 octobre 2025 Folies Berg\u00e8res Tango Marathon #3 - ASSOCIATION LA BERGERIE","isPartOf":{"@id":"https:\/\/assolabergerie.fr\/#website"},"primaryImageOfPage":{"@id":"https:\/\/assolabergerie.fr\/index.php\/2025\/07\/05\/10-11-12-octobre-2025-folies-bergeres-tango-marathon-3\/#primaryimage"},"image":{"@id":"https:\/\/assolabergerie.fr\/index.php\/2025\/07\/05\/10-11-12-octobre-2025-folies-bergeres-tango-marathon-3\/#primaryimage"},"thumbnailUrl":"https:\/\/assolabergerie.fr\/wp-content\/uploads\/2025\/07\/FBTM2_bandeau-FB-web-1.jpg","datePublished":"2025-07-05T10:52:32+00:00","dateModified":"2025-10-16T11:00:11+00:00","description":"Tango marathon octobre 2025","breadcrumb":{"@id":"https:\/\/assolabergerie.fr\/index.php\/2025\/07\/05\/10-11-12-octobre-2025-folies-bergeres-tango-marathon-3\/#breadcrumb"},"inLanguage":"fr-FR","potentialAction":[{"@type":"ReadAction","target":["https:\/\/assolabergerie.fr\/index.php\/2025\/07\/05\/10-11-12-octobre-2025-folies-bergeres-tango-marathon-3\/"]}]},{"@type":"ImageObject","inLanguage":"fr-FR","@id":"https:\/\/assolabergerie.fr\/index.php\/2025\/07\/05\/10-11-12-octobre-2025-folies-bergeres-tango-marathon-3\/#primaryimage","url":"https:\/\/assolabergerie.fr\/wp-content\/uploads\/2025\/07\/FBTM2_bandeau-FB-web-1.jpg","contentUrl":"https:\/\/assolabergerie.fr\/wp-content\/uploads\/2025\/07\/FBTM2_bandeau-FB-web-1.jpg","width":1773,"height":657},{"@type":"BreadcrumbList","@id":"https:\/\/assolabergerie.fr\/index.php\/2025\/07\/05\/10-11-12-octobre-2025-folies-bergeres-tango-marathon-3\/#breadcrumb","itemListElement":[{"@type":"ListItem","position":1,"name":"Accueil","item":"https:\/\/assolabergerie.fr\/"},{"@type":"ListItem","position":2,"name":"10-11-12 octobre 2025 Folies Berg\u00e8res Tango Marathon #3"}]},{"@type":"WebSite","@id":"https:\/\/assolabergerie.fr\/#website","url":"https:\/\/assolabergerie.fr\/","name":"ASSOCIATION LA BERGERIE","description":"","publisher":{"@id":"https:\/\/assolabergerie.fr\/#organization"},"potentialAction":[{"@type":"SearchAction","target":{"@type":"EntryPoint","urlTemplate":"https:\/\/assolabergerie.fr\/?s={search_term_string}"},"query-input":{"@type":"PropertyValueSpecification","valueRequired":true,"valueName":"search_term_string"}}],"inLanguage":"fr-FR"},{"@type":"Organization","@id":"https:\/\/assolabergerie.fr\/#organization","name":"Association La Bergerie","url":"https:\/\/assolabergerie.fr\/","logo":{"@type":"ImageObject","inLanguage":"fr-FR","@id":"https:\/\/assolabergerie.fr\/#\/schema\/logo\/image\/","url":"https:\/\/assolabergerie.fr\/wp-content\/uploads\/2023\/09\/faviconBrebis.png","contentUrl":"https:\/\/assolabergerie.fr\/wp-content\/uploads\/2023\/09\/faviconBrebis.png","width":64,"height":64,"caption":"Association La Bergerie"},"image":{"@id":"https:\/\/assolabergerie.fr\/#\/schema\/logo\/image\/"}},{"@type":"Person","@id":"https:\/\/assolabergerie.fr\/#\/schema\/person\/73f7c2e955339a281e8a77a268ed8aea","name":"Mathilde","image":{"@type":"ImageObject","inLanguage":"fr-FR","@id":"https:\/\/secure.gravatar.com\/avatar\/5def61855c654ea84c356c5ef8511abb96dcecd5a657c6b8f232e8fed733e23d?s=96&d=mm&r=g","url":"https:\/\/secure.gravatar.com\/avatar\/5def61855c654ea84c356c5ef8511abb96dcecd5a657c6b8f232e8fed733e23d?s=96&d=mm&r=g","contentUrl":"https:\/\/secure.gravatar.com\/avatar\/5def61855c654ea84c356c5ef8511abb96dcecd5a657c6b8f232e8fed733e23d?s=96&d=mm&r=g","caption":"Mathilde"},"sameAs":["http:\/\/assolabergerie.fr"],"url":"https:\/\/assolabergerie.fr\/index.php\/author\/admin1535\/"}]}},"_links":{"self":[{"href":"https:\/\/assolabergerie.fr\/index.php\/wp-json\/wp\/v2\/posts\/1215","targetHints":{"allow":["GET"]}}],"collection":[{"href":"https:\/\/assolabergerie.fr\/index.php\/wp-json\/wp\/v2\/posts"}],"about":[{"href":"https:\/\/assolabergerie.fr\/index.php\/wp-json\/wp\/v2\/types\/post"}],"author":[{"embeddable":true,"href":"https:\/\/assolabergerie.fr\/index.php\/wp-json\/wp\/v2\/users\/1"}],"replies":[{"embeddable":true,"href":"https:\/\/assolabergerie.fr\/index.php\/wp-json\/wp\/v2\/comments?post=1215"}],"version-history":[{"count":8,"href":"https:\/\/assolabergerie.fr\/index.php\/wp-json\/wp\/v2\/posts\/1215\/revisions"}],"predecessor-version":[{"id":1244,"href":"https:\/\/assolabergerie.fr\/index.php\/wp-json\/wp\/v2\/posts\/1215\/revisions\/1244"}],"wp:featuredmedia":[{"embeddable":true,"href":"https:\/\/assolabergerie.fr\/index.php\/wp-json\/wp\/v2\/media\/1220"}],"wp:attachment":[{"href":"https:\/\/assolabergerie.fr\/index.php\/wp-json\/wp\/v2\/media?parent=1215"}],"wp:term":[{"taxonomy":"category","embeddable":true,"href":"https:\/\/assolabergerie.fr\/index.php\/wp-json\/wp\/v2\/categories?post=1215"},{"taxonomy":"post_tag","embeddable":true,"href":"https:\/\/assolabergerie.fr\/index.php\/wp-json\/wp\/v2\/tags?post=1215"}],"curies":[{"name":"wp","href":"https:\/\/api.w.org\/{rel}","templated":true}]}}