{"id":1263,"date":"2025-08-18T15:06:54","date_gmt":"2025-08-18T13:06:54","guid":{"rendered":"https:\/\/assolabergerie.fr\/?p=1263"},"modified":"2025-11-11T22:16:05","modified_gmt":"2025-11-11T21:16:05","slug":"cours-tango-lundis-michael-mathilde-2","status":"publish","type":"post","link":"https:\/\/assolabergerie.fr\/index.php\/2025\/08\/18\/cours-tango-lundis-michael-mathilde-2\/","title":{"rendered":"Cours et pratique de Tango tous les lundis <br> avec Micha\u00ebl et Mathilde"},"content":{"rendered":"<p><div class=\"fusion-fullwidth fullwidth-box fusion-builder-row-1 fusion-flex-container has-pattern-background has-mask-background nonhundred-percent-fullwidth non-hundred-percent-height-scrolling\" style=\"--awb-border-radius-top-left:0px;--awb-border-radius-top-right:0px;--awb-border-radius-bottom-right:0px;--awb-border-radius-bottom-left:0px;--awb-flex-wrap:wrap;\" ><div class=\"fusion-builder-row fusion-row fusion-flex-align-items-flex-start fusion-flex-content-wrap\" style=\"max-width:1248px;margin-left: calc(-4% \/ 2 );margin-right: calc(-4% \/ 2 );\"><div class=\"fusion-layout-column fusion_builder_column fusion-builder-column-0 fusion_builder_column_2_3 2_3 fusion-flex-column\" style=\"--awb-padding-top:18px;--awb-bg-size:cover;--awb-width-large:66.666666666667%;--awb-margin-top-large:0px;--awb-spacing-right-large:2.88%;--awb-margin-bottom-large:20px;--awb-spacing-left-large:2.88%;--awb-width-medium:66.666666666667%;--awb-order-medium:0;--awb-spacing-right-medium:2.88%;--awb-spacing-left-medium:2.88%;--awb-width-small:100%;--awb-order-small:0;--awb-spacing-right-small:1.92%;--awb-spacing-left-small:1.92%;\"><div class=\"fusion-column-wrapper fusion-column-has-shadow fusion-flex-justify-content-flex-start fusion-content-layout-column\"><div class=\"fusion-text fusion-text-1\"><p>Les cours sont assur\u00e9s par Mathilde, passionn\u00e9e de danse (contact impro et tango) qui donnait des cours \u00e0 Paris avant son arriv\u00e9e dans la Dr\u00f4me et Micha\u00ebl, danseur exp\u00e9riment\u00e9 (19\u00e8me ann\u00e9e de tango) qui dispose d\u2019une connaissance fine du corps humain (ancien kin\u00e9 et aujourd\u2019hui ost\u00e9opathe).<\/p>\n<p>Nous sommes ravis de vous retrouver le<strong> lundi 1er septembre \u00e0 18h<\/strong> \u00e0 la Bergerie !<\/p>\n<p>Mathilde et Micha\u00ebl<\/p>\n<\/div><\/div><\/div><\/div><\/div><div class=\"fusion-fullwidth fullwidth-box fusion-builder-row-2 fusion-flex-container has-pattern-background has-mask-background nonhundred-percent-fullwidth non-hundred-percent-height-scrolling\" style=\"--awb-border-radius-top-left:0px;--awb-border-radius-top-right:0px;--awb-border-radius-bottom-right:0px;--awb-border-radius-bottom-left:0px;--awb-flex-wrap:wrap;\" ><div class=\"fusion-builder-row fusion-row fusion-flex-align-items-flex-start fusion-flex-content-wrap\" style=\"max-width:1248px;margin-left: calc(-4% \/ 2 );margin-right: calc(-4% \/ 2 );\"><div class=\"fusion-layout-column fusion_builder_column fusion-builder-column-1 fusion_builder_column_1_3 1_3 fusion-flex-column\" style=\"--awb-bg-size:cover;--awb-width-large:33.333333333333%;--awb-margin-top-large:0px;--awb-spacing-right-large:5.76%;--awb-margin-bottom-large:20px;--awb-spacing-left-large:5.76%;--awb-width-medium:33.333333333333%;--awb-order-medium:0;--awb-spacing-right-medium:5.76%;--awb-spacing-left-medium:5.76%;--awb-width-small:100%;--awb-order-small:0;--awb-spacing-right-small:1.92%;--awb-spacing-left-small:1.92%;\"><div class=\"fusion-column-wrapper fusion-column-has-shadow fusion-flex-justify-content-flex-start fusion-content-layout-column\"><div class=\"fusion-title title fusion-title-1 fusion-sep-none fusion-title-text fusion-title-size-four\"><h4 class=\"fusion-title-heading title-heading-left\" style=\"margin:0;\">PROGRAMME :<\/h4><\/div><\/div><\/div><div class=\"fusion-layout-column fusion_builder_column fusion-builder-column-2 fusion_builder_column_2_3 2_3 fusion-flex-column\" style=\"--awb-padding-top:18px;--awb-bg-size:cover;--awb-width-large:66.666666666667%;--awb-margin-top-large:0px;--awb-spacing-right-large:2.88%;--awb-margin-bottom-large:20px;--awb-spacing-left-large:2.88%;--awb-width-medium:66.666666666667%;--awb-order-medium:0;--awb-spacing-right-medium:2.88%;--awb-spacing-left-medium:2.88%;--awb-width-small:100%;--awb-order-small:0;--awb-spacing-right-small:1.92%;--awb-spacing-left-small:1.92%;\"><div class=\"fusion-column-wrapper fusion-column-has-shadow fusion-flex-justify-content-flex-start fusion-content-layout-column\"><div class=\"fusion-text fusion-text-2\"><p><strong>2 niveaux :<\/strong><\/p>\n<p><strong>\u2022 d\u00e9butant (18h-19h) :<\/strong> pour toute personne qui n&rsquo;a jamais ou tr\u00e8s peu dans\u00e9 le tango \/ pour les danseurs souhaitant reprendre les bases du tango \/ pour les danseurs ayant d\u00e9j\u00e0 une certaine exp\u00e9rience dans un r\u00f4le (guideur \/ guid\u00e9) et qui souhaitent d\u00e9velopper la pratique de l&rsquo;autre r\u00f4le.<\/p>\n<p><strong>\u2022 pratique libre (19h-19h30)<\/strong><\/p>\n<p><strong>\u2022 interm\u00e9diaire (19h20-20h30) :<\/strong> pour les danseurs qui ont une ann\u00e9e de tango minimum \/ pour tout danseur qui a d\u00e9j\u00e0 une exp\u00e9rience dans la danse (de couple notamment) et qui s&rsquo;engage \u00e0 suivre le cours d\u00e9butant en parall\u00e8le.<\/p>\n<p><strong>\u2022 pratique ouverte \u00e0 tou.s.tes (20h30-22h30) !!<br \/>\n<\/strong><\/p>\n<\/div><\/div><\/div><\/div><\/div><div class=\"fusion-fullwidth fullwidth-box fusion-builder-row-3 fusion-flex-container has-pattern-background has-mask-background nonhundred-percent-fullwidth non-hundred-percent-height-scrolling\" style=\"--awb-border-radius-top-left:0px;--awb-border-radius-top-right:0px;--awb-border-radius-bottom-right:0px;--awb-border-radius-bottom-left:0px;--awb-flex-wrap:wrap;\" ><div class=\"fusion-builder-row fusion-row fusion-flex-align-items-flex-start fusion-flex-content-wrap\" style=\"max-width:1248px;margin-left: calc(-4% \/ 2 );margin-right: calc(-4% \/ 2 );\"><div class=\"fusion-layout-column fusion_builder_column fusion-builder-column-3 fusion_builder_column_1_3 1_3 fusion-flex-column\" style=\"--awb-bg-size:cover;--awb-width-large:33.333333333333%;--awb-margin-top-large:0px;--awb-spacing-right-large:5.76%;--awb-margin-bottom-large:20px;--awb-spacing-left-large:5.76%;--awb-width-medium:33.333333333333%;--awb-order-medium:0;--awb-spacing-right-medium:5.76%;--awb-spacing-left-medium:5.76%;--awb-width-small:100%;--awb-order-small:0;--awb-spacing-right-small:1.92%;--awb-spacing-left-small:1.92%;\"><div class=\"fusion-column-wrapper fusion-column-has-shadow fusion-flex-justify-content-flex-start fusion-content-layout-column\"><div class=\"fusion-title title fusion-title-2 fusion-sep-none fusion-title-text fusion-title-size-four\"><h4 class=\"fusion-title-heading title-heading-left\" style=\"margin:0;\">Tarifs :<\/h4><\/div><\/div><\/div><div class=\"fusion-layout-column fusion_builder_column fusion-builder-column-4 fusion_builder_column_2_3 2_3 fusion-flex-column\" style=\"--awb-padding-top:18px;--awb-bg-size:cover;--awb-width-large:66.666666666667%;--awb-margin-top-large:0px;--awb-spacing-right-large:2.88%;--awb-margin-bottom-large:20px;--awb-spacing-left-large:2.88%;--awb-width-medium:66.666666666667%;--awb-order-medium:0;--awb-spacing-right-medium:2.88%;--awb-spacing-left-medium:2.88%;--awb-width-small:100%;--awb-order-small:0;--awb-spacing-right-small:1.92%;--awb-spacing-left-small:1.92%;\"><div class=\"fusion-column-wrapper fusion-column-has-shadow fusion-flex-justify-content-flex-start fusion-content-layout-column\">\n<div class=\"table-1\">\n<table width=\"100%\">\n<thead>\n<tr>\n<th align=\"left\">\n<table width=\"100%\">\n<thead>\n<tr>\n<th align=\"left\">Tarifs<\/th>\n<th align=\"left\">Tarif normal<\/th>\n<th align=\"left\">Tarif r\u00e9duit (RSA, \u00e9tudiants)<\/th>\n<\/tr>\n<\/thead>\n<tbody>\n<tr>\n<td align=\"left\">Cours \u00e0 l&rsquo;unit\u00e9<\/td>\n<td align=\"left\">15\u20ac<\/td>\n<td align=\"left\">10\u20ac<\/td>\n<\/tr>\n<tr>\n<td align=\"left\">Carte de 10 cours (valable 1 ann\u00e9e scolaire)<\/td>\n<td align=\"left\">100\u20ac<\/td>\n<td align=\"left\">80\u20ac<\/td>\n<\/tr>\n<tr>\n<td align=\"left\">Carte de 10 x (les 2 cours d&rsquo;affil\u00e9e), soit 20 cours<\/td>\n<td align=\"left\">170\u20ac<\/td>\n<td align=\"left\">130\u20ac<\/td>\n<\/tr>\n<tr>\n<td align=\"left\">Forfait annuel 1 cours<\/td>\n<td align=\"left\">220\u20ac<\/td>\n<td align=\"left\">180\u20ac<\/td>\n<\/tr>\n<tr>\n<td align=\"left\">Forfait annuel 2 cours (d\u00e9butant+interm\u00e9diaire)<\/td>\n<td align=\"left\">340\u20ac<\/td>\n<td align=\"left\">280\u20ac<\/td>\n<\/tr>\n<tr>\n<td align=\"left\">Pratique seule<\/td>\n<td align=\"left\">prix libre<\/td>\n<td align=\"left\">prix libre<\/td>\n<\/tr>\n<\/tbody>\n<\/table>\n<\/th>\n<th align=\"left\"><\/th>\n<\/tr>\n<\/thead>\n<tbody>\n<tr>\n<td align=\"left\">+ 10\u20ac d&rsquo;adh\u00e9sion \u00e0 l&rsquo;asso senti-dos, compris dans les forfaits annuels uniquement<\/td>\n<td align=\"left\"><\/td>\n<\/tr>\n<\/tbody>\n<\/table>\n<\/div>\n<\/div><\/div><\/div><\/div><div class=\"fusion-fullwidth fullwidth-box fusion-builder-row-4 fusion-flex-container has-pattern-background has-mask-background nonhundred-percent-fullwidth non-hundred-percent-height-scrolling\" style=\"--awb-border-radius-top-left:0px;--awb-border-radius-top-right:0px;--awb-border-radius-bottom-right:0px;--awb-border-radius-bottom-left:0px;--awb-flex-wrap:wrap;\" ><div class=\"fusion-builder-row fusion-row fusion-flex-align-items-flex-start fusion-flex-content-wrap\" style=\"max-width:1248px;margin-left: calc(-4% \/ 2 );margin-right: calc(-4% \/ 2 );\"><div class=\"fusion-layout-column fusion_builder_column fusion-builder-column-5 fusion_builder_column_1_3 1_3 fusion-flex-column\" style=\"--awb-bg-size:cover;--awb-width-large:33.333333333333%;--awb-margin-top-large:0px;--awb-spacing-right-large:5.76%;--awb-margin-bottom-large:20px;--awb-spacing-left-large:5.76%;--awb-width-medium:33.333333333333%;--awb-order-medium:0;--awb-spacing-right-medium:5.76%;--awb-spacing-left-medium:5.76%;--awb-width-small:100%;--awb-order-small:0;--awb-spacing-right-small:1.92%;--awb-spacing-left-small:1.92%;\"><div class=\"fusion-column-wrapper fusion-column-has-shadow fusion-flex-justify-content-flex-start fusion-content-layout-column\"><div class=\"fusion-title title fusion-title-3 fusion-sep-none fusion-title-text fusion-title-size-four\"><h4 class=\"fusion-title-heading title-heading-left\" style=\"margin:0;\">Des initiations gratuites pendant l&rsquo;\u00e9t\u00e9 !<\/h4><\/div><\/div><\/div><div class=\"fusion-layout-column fusion_builder_column fusion-builder-column-6 fusion_builder_column_2_3 2_3 fusion-flex-column\" style=\"--awb-padding-top:18px;--awb-bg-size:cover;--awb-width-large:66.666666666667%;--awb-margin-top-large:0px;--awb-spacing-right-large:2.88%;--awb-margin-bottom-large:20px;--awb-spacing-left-large:2.88%;--awb-width-medium:66.666666666667%;--awb-order-medium:0;--awb-spacing-right-medium:2.88%;--awb-spacing-left-medium:2.88%;--awb-width-small:100%;--awb-order-small:0;--awb-spacing-right-small:1.92%;--awb-spacing-left-small:1.92%;\"><div class=\"fusion-column-wrapper fusion-column-has-shadow fusion-flex-justify-content-flex-start fusion-content-layout-column\"><div class=\"fusion-text fusion-text-3\"><p><strong>&#8211; Samedi 30 aout \u00e0 11h<\/strong> devant le coll\u00e8ge de Die<\/p>\n<p><strong>&#8211; Samedi 6 septembre \u00e0 15h<\/strong> au forum des associations, Espace Chabestan \u00e0 Die.<\/p>\n<\/div><\/div><\/div><\/div><\/div><\/p>\n","protected":false},"excerpt":{"rendered":"","protected":false},"author":1,"featured_media":1261,"comment_status":"closed","ping_status":"open","sticky":false,"template":"","format":"standard","meta":{"footnotes":""},"categories":[15,13],"tags":[],"class_list":["post-1263","post","type-post","status-publish","format-standard","has-post-thumbnail","hentry","category-activites-regulieres","category-milongas"],"yoast_head":"<!-- This site is optimized with the Yoast SEO plugin v27.5 - https:\/\/yoast.com\/product\/yoast-seo-wordpress\/ -->\n<title>Cours et pratique de Tango tous les lundis  avec Micha\u00ebl et Mathilde - ASSOCIATION LA BERGERIE<\/title>\n<meta name=\"description\" content=\"Nous sommes ravis de vous retrouver le lundi 1er septembre \u00e0 18h \u00e0 la Bergerie ! Dans une ambiance conviviale, nous partageons notre passion, et ouvrons la bergerie aux tanguero.a.s pour pratiquer ! Mathilde et Micha\u00ebl.\" \/>\n<meta name=\"robots\" content=\"index, follow, max-snippet:-1, max-image-preview:large, max-video-preview:-1\" \/>\n<link rel=\"canonical\" href=\"https:\/\/assolabergerie.fr\/index.php\/2025\/08\/18\/cours-tango-lundis-michael-mathilde-2\/\" \/>\n<meta property=\"og:locale\" content=\"fr_FR\" \/>\n<meta property=\"og:type\" content=\"article\" \/>\n<meta property=\"og:title\" content=\"Cours et pratique de Tango tous les lundis  avec Micha\u00ebl et Mathilde - ASSOCIATION LA BERGERIE\" \/>\n<meta property=\"og:description\" content=\"Nous sommes ravis de vous retrouver le lundi 1er septembre \u00e0 18h \u00e0 la Bergerie ! Dans une ambiance conviviale, nous partageons notre passion, et ouvrons la bergerie aux tanguero.a.s pour pratiquer ! Mathilde et Micha\u00ebl.\" \/>\n<meta property=\"og:url\" content=\"https:\/\/assolabergerie.fr\/index.php\/2025\/08\/18\/cours-tango-lundis-michael-mathilde-2\/\" \/>\n<meta property=\"og:site_name\" content=\"ASSOCIATION LA BERGERIE\" \/>\n<meta property=\"article:published_time\" content=\"2025-08-18T13:06:54+00:00\" \/>\n<meta property=\"article:modified_time\" content=\"2025-11-11T21:16:05+00:00\" \/>\n<meta property=\"og:image\" content=\"https:\/\/assolabergerie.fr\/wp-content\/uploads\/2025\/08\/flyers-2025-Cours-tango1.png\" \/>\n\t<meta property=\"og:image:width\" content=\"553\" \/>\n\t<meta property=\"og:image:height\" content=\"390\" \/>\n\t<meta property=\"og:image:type\" content=\"image\/png\" \/>\n<meta name=\"author\" content=\"Mathilde\" \/>\n<meta name=\"twitter:card\" content=\"summary_large_image\" \/>\n<meta name=\"twitter:label1\" content=\"\u00c9crit par\" \/>\n\t<meta name=\"twitter:data1\" content=\"Mathilde\" \/>\n\t<meta name=\"twitter:label2\" content=\"Dur\u00e9e de lecture estim\u00e9e\" \/>\n\t<meta name=\"twitter:data2\" content=\"2 minutes\" \/>\n<script type=\"application\/ld+json\" class=\"yoast-schema-graph\">{\"@context\":\"https:\\\/\\\/schema.org\",\"@graph\":[{\"@type\":\"Article\",\"@id\":\"https:\\\/\\\/assolabergerie.fr\\\/index.php\\\/2025\\\/08\\\/18\\\/cours-tango-lundis-michael-mathilde-2\\\/#article\",\"isPartOf\":{\"@id\":\"https:\\\/\\\/assolabergerie.fr\\\/index.php\\\/2025\\\/08\\\/18\\\/cours-tango-lundis-michael-mathilde-2\\\/\"},\"author\":{\"name\":\"Mathilde\",\"@id\":\"https:\\\/\\\/assolabergerie.fr\\\/#\\\/schema\\\/person\\\/73f7c2e955339a281e8a77a268ed8aea\"},\"headline\":\"Cours et pratique de Tango tous les lundis avec Micha\u00ebl et Mathilde\",\"datePublished\":\"2025-08-18T13:06:54+00:00\",\"dateModified\":\"2025-11-11T21:16:05+00:00\",\"mainEntityOfPage\":{\"@id\":\"https:\\\/\\\/assolabergerie.fr\\\/index.php\\\/2025\\\/08\\\/18\\\/cours-tango-lundis-michael-mathilde-2\\\/\"},\"wordCount\":3888,\"publisher\":{\"@id\":\"https:\\\/\\\/assolabergerie.fr\\\/#organization\"},\"image\":{\"@id\":\"https:\\\/\\\/assolabergerie.fr\\\/index.php\\\/2025\\\/08\\\/18\\\/cours-tango-lundis-michael-mathilde-2\\\/#primaryimage\"},\"thumbnailUrl\":\"https:\\\/\\\/assolabergerie.fr\\\/wp-content\\\/uploads\\\/2025\\\/08\\\/flyers-2025-Cours-tango1.png\",\"articleSection\":[\"Activit\u00e9s r\u00e9guli\u00e8res\",\"Milongas\"],\"inLanguage\":\"fr-FR\"},{\"@type\":\"WebPage\",\"@id\":\"https:\\\/\\\/assolabergerie.fr\\\/index.php\\\/2025\\\/08\\\/18\\\/cours-tango-lundis-michael-mathilde-2\\\/\",\"url\":\"https:\\\/\\\/assolabergerie.fr\\\/index.php\\\/2025\\\/08\\\/18\\\/cours-tango-lundis-michael-mathilde-2\\\/\",\"name\":\"Cours et pratique de Tango tous les lundis avec Micha\u00ebl et Mathilde - ASSOCIATION LA BERGERIE\",\"isPartOf\":{\"@id\":\"https:\\\/\\\/assolabergerie.fr\\\/#website\"},\"primaryImageOfPage\":{\"@id\":\"https:\\\/\\\/assolabergerie.fr\\\/index.php\\\/2025\\\/08\\\/18\\\/cours-tango-lundis-michael-mathilde-2\\\/#primaryimage\"},\"image\":{\"@id\":\"https:\\\/\\\/assolabergerie.fr\\\/index.php\\\/2025\\\/08\\\/18\\\/cours-tango-lundis-michael-mathilde-2\\\/#primaryimage\"},\"thumbnailUrl\":\"https:\\\/\\\/assolabergerie.fr\\\/wp-content\\\/uploads\\\/2025\\\/08\\\/flyers-2025-Cours-tango1.png\",\"datePublished\":\"2025-08-18T13:06:54+00:00\",\"dateModified\":\"2025-11-11T21:16:05+00:00\",\"description\":\"Nous sommes ravis de vous retrouver le lundi 1er septembre \u00e0 18h \u00e0 la Bergerie ! Dans une ambiance conviviale, nous partageons notre passion, et ouvrons la bergerie aux tanguero.a.s pour pratiquer ! Mathilde et Micha\u00ebl.\",\"breadcrumb\":{\"@id\":\"https:\\\/\\\/assolabergerie.fr\\\/index.php\\\/2025\\\/08\\\/18\\\/cours-tango-lundis-michael-mathilde-2\\\/#breadcrumb\"},\"inLanguage\":\"fr-FR\",\"potentialAction\":[{\"@type\":\"ReadAction\",\"target\":[\"https:\\\/\\\/assolabergerie.fr\\\/index.php\\\/2025\\\/08\\\/18\\\/cours-tango-lundis-michael-mathilde-2\\\/\"]}]},{\"@type\":\"ImageObject\",\"inLanguage\":\"fr-FR\",\"@id\":\"https:\\\/\\\/assolabergerie.fr\\\/index.php\\\/2025\\\/08\\\/18\\\/cours-tango-lundis-michael-mathilde-2\\\/#primaryimage\",\"url\":\"https:\\\/\\\/assolabergerie.fr\\\/wp-content\\\/uploads\\\/2025\\\/08\\\/flyers-2025-Cours-tango1.png\",\"contentUrl\":\"https:\\\/\\\/assolabergerie.fr\\\/wp-content\\\/uploads\\\/2025\\\/08\\\/flyers-2025-Cours-tango1.png\",\"width\":553,\"height\":390},{\"@type\":\"BreadcrumbList\",\"@id\":\"https:\\\/\\\/assolabergerie.fr\\\/index.php\\\/2025\\\/08\\\/18\\\/cours-tango-lundis-michael-mathilde-2\\\/#breadcrumb\",\"itemListElement\":[{\"@type\":\"ListItem\",\"position\":1,\"name\":\"Accueil\",\"item\":\"https:\\\/\\\/assolabergerie.fr\\\/\"},{\"@type\":\"ListItem\",\"position\":2,\"name\":\"Cours et pratique de Tango tous les lundis avec Micha\u00ebl et Mathilde\"}]},{\"@type\":\"WebSite\",\"@id\":\"https:\\\/\\\/assolabergerie.fr\\\/#website\",\"url\":\"https:\\\/\\\/assolabergerie.fr\\\/\",\"name\":\"ASSOCIATION LA BERGERIE\",\"description\":\"\",\"publisher\":{\"@id\":\"https:\\\/\\\/assolabergerie.fr\\\/#organization\"},\"potentialAction\":[{\"@type\":\"SearchAction\",\"target\":{\"@type\":\"EntryPoint\",\"urlTemplate\":\"https:\\\/\\\/assolabergerie.fr\\\/?s={search_term_string}\"},\"query-input\":{\"@type\":\"PropertyValueSpecification\",\"valueRequired\":true,\"valueName\":\"search_term_string\"}}],\"inLanguage\":\"fr-FR\"},{\"@type\":\"Organization\",\"@id\":\"https:\\\/\\\/assolabergerie.fr\\\/#organization\",\"name\":\"Association La Bergerie\",\"url\":\"https:\\\/\\\/assolabergerie.fr\\\/\",\"logo\":{\"@type\":\"ImageObject\",\"inLanguage\":\"fr-FR\",\"@id\":\"https:\\\/\\\/assolabergerie.fr\\\/#\\\/schema\\\/logo\\\/image\\\/\",\"url\":\"https:\\\/\\\/assolabergerie.fr\\\/wp-content\\\/uploads\\\/2023\\\/09\\\/faviconBrebis.png\",\"contentUrl\":\"https:\\\/\\\/assolabergerie.fr\\\/wp-content\\\/uploads\\\/2023\\\/09\\\/faviconBrebis.png\",\"width\":64,\"height\":64,\"caption\":\"Association La Bergerie\"},\"image\":{\"@id\":\"https:\\\/\\\/assolabergerie.fr\\\/#\\\/schema\\\/logo\\\/image\\\/\"}},{\"@type\":\"Person\",\"@id\":\"https:\\\/\\\/assolabergerie.fr\\\/#\\\/schema\\\/person\\\/73f7c2e955339a281e8a77a268ed8aea\",\"name\":\"Mathilde\",\"image\":{\"@type\":\"ImageObject\",\"inLanguage\":\"fr-FR\",\"@id\":\"https:\\\/\\\/secure.gravatar.com\\\/avatar\\\/5def61855c654ea84c356c5ef8511abb96dcecd5a657c6b8f232e8fed733e23d?s=96&d=mm&r=g\",\"url\":\"https:\\\/\\\/secure.gravatar.com\\\/avatar\\\/5def61855c654ea84c356c5ef8511abb96dcecd5a657c6b8f232e8fed733e23d?s=96&d=mm&r=g\",\"contentUrl\":\"https:\\\/\\\/secure.gravatar.com\\\/avatar\\\/5def61855c654ea84c356c5ef8511abb96dcecd5a657c6b8f232e8fed733e23d?s=96&d=mm&r=g\",\"caption\":\"Mathilde\"},\"sameAs\":[\"http:\\\/\\\/assolabergerie.fr\"],\"url\":\"https:\\\/\\\/assolabergerie.fr\\\/index.php\\\/author\\\/admin1535\\\/\"}]}<\/script>\n<!-- \/ Yoast SEO plugin. -->","yoast_head_json":{"title":"Cours et pratique de Tango tous les lundis  avec Micha\u00ebl et Mathilde - ASSOCIATION LA BERGERIE","description":"Nous sommes ravis de vous retrouver le lundi 1er septembre \u00e0 18h \u00e0 la Bergerie ! Dans une ambiance conviviale, nous partageons notre passion, et ouvrons la bergerie aux tanguero.a.s pour pratiquer ! Mathilde et Micha\u00ebl.","robots":{"index":"index","follow":"follow","max-snippet":"max-snippet:-1","max-image-preview":"max-image-preview:large","max-video-preview":"max-video-preview:-1"},"canonical":"https:\/\/assolabergerie.fr\/index.php\/2025\/08\/18\/cours-tango-lundis-michael-mathilde-2\/","og_locale":"fr_FR","og_type":"article","og_title":"Cours et pratique de Tango tous les lundis  avec Micha\u00ebl et Mathilde - ASSOCIATION LA BERGERIE","og_description":"Nous sommes ravis de vous retrouver le lundi 1er septembre \u00e0 18h \u00e0 la Bergerie ! Dans une ambiance conviviale, nous partageons notre passion, et ouvrons la bergerie aux tanguero.a.s pour pratiquer ! Mathilde et Micha\u00ebl.","og_url":"https:\/\/assolabergerie.fr\/index.php\/2025\/08\/18\/cours-tango-lundis-michael-mathilde-2\/","og_site_name":"ASSOCIATION LA BERGERIE","article_published_time":"2025-08-18T13:06:54+00:00","article_modified_time":"2025-11-11T21:16:05+00:00","og_image":[{"width":553,"height":390,"url":"https:\/\/assolabergerie.fr\/wp-content\/uploads\/2025\/08\/flyers-2025-Cours-tango1.png","type":"image\/png"}],"author":"Mathilde","twitter_card":"summary_large_image","twitter_misc":{"\u00c9crit par":"Mathilde","Dur\u00e9e de lecture estim\u00e9e":"2 minutes"},"schema":{"@context":"https:\/\/schema.org","@graph":[{"@type":"Article","@id":"https:\/\/assolabergerie.fr\/index.php\/2025\/08\/18\/cours-tango-lundis-michael-mathilde-2\/#article","isPartOf":{"@id":"https:\/\/assolabergerie.fr\/index.php\/2025\/08\/18\/cours-tango-lundis-michael-mathilde-2\/"},"author":{"name":"Mathilde","@id":"https:\/\/assolabergerie.fr\/#\/schema\/person\/73f7c2e955339a281e8a77a268ed8aea"},"headline":"Cours et pratique de Tango tous les lundis avec Micha\u00ebl et Mathilde","datePublished":"2025-08-18T13:06:54+00:00","dateModified":"2025-11-11T21:16:05+00:00","mainEntityOfPage":{"@id":"https:\/\/assolabergerie.fr\/index.php\/2025\/08\/18\/cours-tango-lundis-michael-mathilde-2\/"},"wordCount":3888,"publisher":{"@id":"https:\/\/assolabergerie.fr\/#organization"},"image":{"@id":"https:\/\/assolabergerie.fr\/index.php\/2025\/08\/18\/cours-tango-lundis-michael-mathilde-2\/#primaryimage"},"thumbnailUrl":"https:\/\/assolabergerie.fr\/wp-content\/uploads\/2025\/08\/flyers-2025-Cours-tango1.png","articleSection":["Activit\u00e9s r\u00e9guli\u00e8res","Milongas"],"inLanguage":"fr-FR"},{"@type":"WebPage","@id":"https:\/\/assolabergerie.fr\/index.php\/2025\/08\/18\/cours-tango-lundis-michael-mathilde-2\/","url":"https:\/\/assolabergerie.fr\/index.php\/2025\/08\/18\/cours-tango-lundis-michael-mathilde-2\/","name":"Cours et pratique de Tango tous les lundis avec Micha\u00ebl et Mathilde - ASSOCIATION LA BERGERIE","isPartOf":{"@id":"https:\/\/assolabergerie.fr\/#website"},"primaryImageOfPage":{"@id":"https:\/\/assolabergerie.fr\/index.php\/2025\/08\/18\/cours-tango-lundis-michael-mathilde-2\/#primaryimage"},"image":{"@id":"https:\/\/assolabergerie.fr\/index.php\/2025\/08\/18\/cours-tango-lundis-michael-mathilde-2\/#primaryimage"},"thumbnailUrl":"https:\/\/assolabergerie.fr\/wp-content\/uploads\/2025\/08\/flyers-2025-Cours-tango1.png","datePublished":"2025-08-18T13:06:54+00:00","dateModified":"2025-11-11T21:16:05+00:00","description":"Nous sommes ravis de vous retrouver le lundi 1er septembre \u00e0 18h \u00e0 la Bergerie ! Dans une ambiance conviviale, nous partageons notre passion, et ouvrons la bergerie aux tanguero.a.s pour pratiquer ! Mathilde et Micha\u00ebl.","breadcrumb":{"@id":"https:\/\/assolabergerie.fr\/index.php\/2025\/08\/18\/cours-tango-lundis-michael-mathilde-2\/#breadcrumb"},"inLanguage":"fr-FR","potentialAction":[{"@type":"ReadAction","target":["https:\/\/assolabergerie.fr\/index.php\/2025\/08\/18\/cours-tango-lundis-michael-mathilde-2\/"]}]},{"@type":"ImageObject","inLanguage":"fr-FR","@id":"https:\/\/assolabergerie.fr\/index.php\/2025\/08\/18\/cours-tango-lundis-michael-mathilde-2\/#primaryimage","url":"https:\/\/assolabergerie.fr\/wp-content\/uploads\/2025\/08\/flyers-2025-Cours-tango1.png","contentUrl":"https:\/\/assolabergerie.fr\/wp-content\/uploads\/2025\/08\/flyers-2025-Cours-tango1.png","width":553,"height":390},{"@type":"BreadcrumbList","@id":"https:\/\/assolabergerie.fr\/index.php\/2025\/08\/18\/cours-tango-lundis-michael-mathilde-2\/#breadcrumb","itemListElement":[{"@type":"ListItem","position":1,"name":"Accueil","item":"https:\/\/assolabergerie.fr\/"},{"@type":"ListItem","position":2,"name":"Cours et pratique de Tango tous les lundis avec Micha\u00ebl et Mathilde"}]},{"@type":"WebSite","@id":"https:\/\/assolabergerie.fr\/#website","url":"https:\/\/assolabergerie.fr\/","name":"ASSOCIATION LA BERGERIE","description":"","publisher":{"@id":"https:\/\/assolabergerie.fr\/#organization"},"potentialAction":[{"@type":"SearchAction","target":{"@type":"EntryPoint","urlTemplate":"https:\/\/assolabergerie.fr\/?s={search_term_string}"},"query-input":{"@type":"PropertyValueSpecification","valueRequired":true,"valueName":"search_term_string"}}],"inLanguage":"fr-FR"},{"@type":"Organization","@id":"https:\/\/assolabergerie.fr\/#organization","name":"Association La Bergerie","url":"https:\/\/assolabergerie.fr\/","logo":{"@type":"ImageObject","inLanguage":"fr-FR","@id":"https:\/\/assolabergerie.fr\/#\/schema\/logo\/image\/","url":"https:\/\/assolabergerie.fr\/wp-content\/uploads\/2023\/09\/faviconBrebis.png","contentUrl":"https:\/\/assolabergerie.fr\/wp-content\/uploads\/2023\/09\/faviconBrebis.png","width":64,"height":64,"caption":"Association La Bergerie"},"image":{"@id":"https:\/\/assolabergerie.fr\/#\/schema\/logo\/image\/"}},{"@type":"Person","@id":"https:\/\/assolabergerie.fr\/#\/schema\/person\/73f7c2e955339a281e8a77a268ed8aea","name":"Mathilde","image":{"@type":"ImageObject","inLanguage":"fr-FR","@id":"https:\/\/secure.gravatar.com\/avatar\/5def61855c654ea84c356c5ef8511abb96dcecd5a657c6b8f232e8fed733e23d?s=96&d=mm&r=g","url":"https:\/\/secure.gravatar.com\/avatar\/5def61855c654ea84c356c5ef8511abb96dcecd5a657c6b8f232e8fed733e23d?s=96&d=mm&r=g","contentUrl":"https:\/\/secure.gravatar.com\/avatar\/5def61855c654ea84c356c5ef8511abb96dcecd5a657c6b8f232e8fed733e23d?s=96&d=mm&r=g","caption":"Mathilde"},"sameAs":["http:\/\/assolabergerie.fr"],"url":"https:\/\/assolabergerie.fr\/index.php\/author\/admin1535\/"}]}},"_links":{"self":[{"href":"https:\/\/assolabergerie.fr\/index.php\/wp-json\/wp\/v2\/posts\/1263","targetHints":{"allow":["GET"]}}],"collection":[{"href":"https:\/\/assolabergerie.fr\/index.php\/wp-json\/wp\/v2\/posts"}],"about":[{"href":"https:\/\/assolabergerie.fr\/index.php\/wp-json\/wp\/v2\/types\/post"}],"author":[{"embeddable":true,"href":"https:\/\/assolabergerie.fr\/index.php\/wp-json\/wp\/v2\/users\/1"}],"replies":[{"embeddable":true,"href":"https:\/\/assolabergerie.fr\/index.php\/wp-json\/wp\/v2\/comments?post=1263"}],"version-history":[{"count":6,"href":"https:\/\/assolabergerie.fr\/index.php\/wp-json\/wp\/v2\/posts\/1263\/revisions"}],"predecessor-version":[{"id":1270,"href":"https:\/\/assolabergerie.fr\/index.php\/wp-json\/wp\/v2\/posts\/1263\/revisions\/1270"}],"wp:featuredmedia":[{"embeddable":true,"href":"https:\/\/assolabergerie.fr\/index.php\/wp-json\/wp\/v2\/media\/1261"}],"wp:attachment":[{"href":"https:\/\/assolabergerie.fr\/index.php\/wp-json\/wp\/v2\/media?parent=1263"}],"wp:term":[{"taxonomy":"category","embeddable":true,"href":"https:\/\/assolabergerie.fr\/index.php\/wp-json\/wp\/v2\/categories?post=1263"},{"taxonomy":"post_tag","embeddable":true,"href":"https:\/\/assolabergerie.fr\/index.php\/wp-json\/wp\/v2\/tags?post=1263"}],"curies":[{"name":"wp","href":"https:\/\/api.w.org\/{rel}","templated":true}]}}