{"id":1396,"date":"2025-12-23T14:25:29","date_gmt":"2025-12-23T13:25:29","guid":{"rendered":"https:\/\/assolabergerie.fr\/?p=1396"},"modified":"2026-04-16T04:40:57","modified_gmt":"2026-04-16T02:40:57","slug":"8-9-10-2026-folies-bergeres-tango-marathon-4","status":"publish","type":"post","link":"https:\/\/assolabergerie.fr\/index.php\/2025\/12\/23\/8-9-10-2026-folies-bergeres-tango-marathon-4\/","title":{"rendered":"8, 9, 10 mai 2026 <br>  Folies Berg\u00e8res Tango Marathon #4<br>"},"content":{"rendered":"<p><div class=\"fusion-fullwidth fullwidth-box fusion-builder-row-1 fusion-flex-container has-pattern-background has-mask-background nonhundred-percent-fullwidth non-hundred-percent-height-scrolling\" style=\"--awb-border-radius-top-left:0px;--awb-border-radius-top-right:0px;--awb-border-radius-bottom-right:0px;--awb-border-radius-bottom-left:0px;--awb-flex-wrap:wrap;\" ><div class=\"fusion-builder-row fusion-row fusion-flex-align-items-flex-start fusion-flex-content-wrap\" style=\"max-width:1248px;margin-left: calc(-4% \/ 2 );margin-right: calc(-4% \/ 2 );\"><div class=\"fusion-layout-column fusion_builder_column fusion-builder-column-0 fusion_builder_column_2_3 2_3 fusion-flex-column\" style=\"--awb-padding-top:18px;--awb-bg-size:cover;--awb-width-large:66.666666666667%;--awb-margin-top-large:0px;--awb-spacing-right-large:2.88%;--awb-margin-bottom-large:20px;--awb-spacing-left-large:2.88%;--awb-width-medium:66.666666666667%;--awb-order-medium:0;--awb-spacing-right-medium:2.88%;--awb-spacing-left-medium:2.88%;--awb-width-small:100%;--awb-order-small:0;--awb-spacing-right-small:1.92%;--awb-spacing-left-small:1.92%;\"><div class=\"fusion-column-wrapper fusion-column-has-shadow fusion-flex-justify-content-flex-start fusion-content-layout-column\"><div class=\"fusion-text fusion-text-1\"><p>Et oui \u2026 nous, Mathilde et Lynn, sommes tr\u00e8s heureuses de te proposer une quatri\u00e8me \u00e9dition des \u00ab\u00a0Folies Berg\u00e8res Tango Marathon\u00a0\u00bb\u00a0 et de te souhaiter une tr\u00e8s bonne ann\u00e9e !<\/p>\n<p>Dans le cadre magnifique et convivial de la Bergerie au c\u0153ur de la Dr\u00f4me.<\/p>\n<\/div><\/div><\/div><\/div><\/div><div class=\"fusion-fullwidth fullwidth-box fusion-builder-row-2 fusion-flex-container has-pattern-background has-mask-background nonhundred-percent-fullwidth non-hundred-percent-height-scrolling\" style=\"--awb-border-radius-top-left:0px;--awb-border-radius-top-right:0px;--awb-border-radius-bottom-right:0px;--awb-border-radius-bottom-left:0px;--awb-flex-wrap:wrap;\" ><div class=\"fusion-builder-row fusion-row fusion-flex-align-items-flex-start fusion-flex-content-wrap\" style=\"max-width:1248px;margin-left: calc(-4% \/ 2 );margin-right: calc(-4% \/ 2 );\"><div class=\"fusion-layout-column fusion_builder_column fusion-builder-column-1 fusion_builder_column_2_3 2_3 fusion-flex-column\" style=\"--awb-padding-top:18px;--awb-bg-size:cover;--awb-width-large:66.666666666667%;--awb-margin-top-large:0px;--awb-spacing-right-large:2.88%;--awb-margin-bottom-large:20px;--awb-spacing-left-large:2.88%;--awb-width-medium:66.666666666667%;--awb-order-medium:0;--awb-spacing-right-medium:2.88%;--awb-spacing-left-medium:2.88%;--awb-width-small:100%;--awb-order-small:0;--awb-spacing-right-small:1.92%;--awb-spacing-left-small:1.92%;\"><div class=\"fusion-column-wrapper fusion-column-has-shadow fusion-flex-justify-content-flex-start fusion-content-layout-column\"><div class=\"fusion-text fusion-text-2\"><p>Cet \u00e9v\u00e8nement est priv\u00e9, sur invitation uniquement. <strong>Les inscriptions sont closes pour cette \u00e9dition !<\/strong><\/p>\n<\/div><\/div><\/div><\/div><\/div><div class=\"fusion-fullwidth fullwidth-box fusion-builder-row-3 fusion-flex-container has-pattern-background has-mask-background nonhundred-percent-fullwidth non-hundred-percent-height-scrolling\" style=\"--awb-border-radius-top-left:0px;--awb-border-radius-top-right:0px;--awb-border-radius-bottom-right:0px;--awb-border-radius-bottom-left:0px;--awb-flex-wrap:wrap;\" ><div class=\"fusion-builder-row fusion-row fusion-flex-align-items-flex-start fusion-flex-content-wrap\" style=\"max-width:1248px;margin-left: calc(-4% \/ 2 );margin-right: calc(-4% \/ 2 );\"><div class=\"fusion-layout-column fusion_builder_column fusion-builder-column-2 fusion_builder_column_2_3 2_3 fusion-flex-column\" style=\"--awb-padding-top:18px;--awb-bg-size:cover;--awb-width-large:66.666666666667%;--awb-margin-top-large:0px;--awb-spacing-right-large:2.88%;--awb-margin-bottom-large:20px;--awb-spacing-left-large:2.88%;--awb-width-medium:66.666666666667%;--awb-order-medium:0;--awb-spacing-right-medium:2.88%;--awb-spacing-left-medium:2.88%;--awb-width-small:100%;--awb-order-small:0;--awb-spacing-right-small:1.92%;--awb-spacing-left-small:1.92%;\"><div class=\"fusion-column-wrapper fusion-column-has-shadow fusion-flex-justify-content-flex-start fusion-content-layout-column\"><div class=\"fusion-text fusion-text-3\"><p>Les 8-9-10 mai, nous en organisons une 4eme \u00e9dition printani\u00e8re et fofolle.<\/p>\n<p>Vendredi, samedi et dimanche, 3 jours \u00e0 danser toute la journ\u00e9e dans le cadre magnifique et convivial de la Bergerie au c\u0153ur de la Dr\u00f4me.<\/p>\n<p>Un format inhabituel, pour kiffer le jour et dormir la nuit\u00a0!<\/p>\n<p>L&rsquo;inscription en couple n\u2019est possible que pour les couples dans la vie. Toutes les autres inscriptions sont individuelles. Tu peux n\u00e9anmoins inviter tes ami.e.s \u00e0 s\u2019inscrire\u00a0!<\/p>\n<p>Nous serons 100, staff compris \u00e0 danser sur le parquet de La Bergerie de Saint-Etienne-en-Quint (Dr\u00f4me)<br \/>\nchez Mathilde et Valentin.<\/p>\n<p>32h de danse \u00e0 des heures raisonnables<br \/>\n100 danseureuses dont le staff<br \/>\n6 DJs pour r\u00e9jouir nos oreilles :<strong> Marinette Petitpas, Claudio Coppola, C\u00e9cile Descloux, Tibo Cresp, Ad\u00e8le, Lila Dalmas<\/strong> !<\/p>\n<p>100m2 de parquet tout doux<br \/>\n1 repas en auberge espagnole vendredi midi<br \/>\n2 petits d\u00e9jeuners (samedi et dimanche)<br \/>\n2 buffets brunch de midi (samedi et dimanche)<br \/>\n2 repas du soir (vendredi et samedi)<\/p>\n<\/div><\/div><\/div><\/div><\/div><div class=\"fusion-fullwidth fullwidth-box fusion-builder-row-4 fusion-flex-container has-pattern-background has-mask-background nonhundred-percent-fullwidth non-hundred-percent-height-scrolling\" style=\"--awb-border-radius-top-left:0px;--awb-border-radius-top-right:0px;--awb-border-radius-bottom-right:0px;--awb-border-radius-bottom-left:0px;--awb-flex-wrap:wrap;\" ><div class=\"fusion-builder-row fusion-row fusion-flex-align-items-flex-start fusion-flex-content-wrap\" style=\"max-width:1248px;margin-left: calc(-4% \/ 2 );margin-right: calc(-4% \/ 2 );\"><div class=\"fusion-layout-column fusion_builder_column fusion-builder-column-3 fusion_builder_column_1_3 1_3 fusion-flex-column\" style=\"--awb-bg-size:cover;--awb-width-large:33.333333333333%;--awb-margin-top-large:0px;--awb-spacing-right-large:5.76%;--awb-margin-bottom-large:20px;--awb-spacing-left-large:5.76%;--awb-width-medium:33.333333333333%;--awb-order-medium:0;--awb-spacing-right-medium:5.76%;--awb-spacing-left-medium:5.76%;--awb-width-small:100%;--awb-order-small:0;--awb-spacing-right-small:1.92%;--awb-spacing-left-small:1.92%;\"><div class=\"fusion-column-wrapper fusion-column-has-shadow fusion-flex-justify-content-flex-start fusion-content-layout-column\"><div class=\"fusion-title title fusion-title-1 fusion-sep-none fusion-title-text fusion-title-size-four\"><h4 class=\"fusion-title-heading title-heading-left\" style=\"margin:0;\">LES LIEUX :<\/h4><\/div><\/div><\/div><div class=\"fusion-layout-column fusion_builder_column fusion-builder-column-4 fusion_builder_column_2_3 2_3 fusion-flex-column\" style=\"--awb-padding-top:18px;--awb-bg-size:cover;--awb-width-large:66.666666666667%;--awb-margin-top-large:0px;--awb-spacing-right-large:2.88%;--awb-margin-bottom-large:20px;--awb-spacing-left-large:2.88%;--awb-width-medium:66.666666666667%;--awb-order-medium:0;--awb-spacing-right-medium:2.88%;--awb-spacing-left-medium:2.88%;--awb-width-small:100%;--awb-order-small:0;--awb-spacing-right-small:1.92%;--awb-spacing-left-small:1.92%;\"><div class=\"fusion-column-wrapper fusion-column-has-shadow fusion-flex-justify-content-flex-start fusion-content-layout-column\"><div class=\"fusion-text fusion-text-4\"><p>HEBERGEMENT<br \/>\nDiff\u00e9rentes formules d&rsquo;h\u00e9bergement : en chambre \u00e0 11 min en voiture de la Bergerie, ou sur place en tente, ou camion (places tr\u00e8s limit\u00e9es)<\/p>\n<p>CADRE<br \/>\nLe Diois offre un cadre rural sauvage dans les contreforts du Vercors, id\u00e9al pour se balader.<br \/>\nLes march\u00e9s hebdomadaires samedi matin \u00e0 Die et dimanche matin \u00e0 Saillans sont l&rsquo;occasion de plonger dans l&rsquo;ambiance locale pour y d\u00e9couvrir des produits issus de l&rsquo;agriculture paysanne.<\/p>\n<p>LES LIEUX<br \/>\nLA PISTE DE DANSE Adresse de la Bergerie :<br \/>\n45 Rte du Col D\u2019An\u00e8s, hameau de St Etienne, 26150 Saint-And\u00e9ol<br \/>\nAssolabergerie.fr<\/p>\n<p>LE GITE Adresse de l&rsquo;h\u00e9bergement \u00e0 la Maison du col :<br \/>\n2941 route de Saint Julien, Col de Marignac, 26150 Marignac-en-Diois<br \/>\nMaisonducol.fr<\/p>\n<p>GARES LES PLUS PROCHES<br \/>\n15 min en voiture de la gare SNCF de DIE ter\/car<br \/>\n1h15 en voiture de la gare SNCF de Valence TGV + location de voiture<br \/>\n1h15 en voiture de la gare SNCF de Valence Ville + location de voiture<\/p>\n<p>Des covoiturages seront mis en place depuis la gare de Die, et entre le gite et la Bergerie.<\/p>\n<\/div><\/div><\/div><\/div><\/div><div class=\"fusion-fullwidth fullwidth-box fusion-builder-row-5 fusion-flex-container has-pattern-background has-mask-background nonhundred-percent-fullwidth non-hundred-percent-height-scrolling\" style=\"--awb-border-radius-top-left:0px;--awb-border-radius-top-right:0px;--awb-border-radius-bottom-right:0px;--awb-border-radius-bottom-left:0px;--awb-flex-wrap:wrap;\" ><div class=\"fusion-builder-row fusion-row fusion-flex-align-items-flex-start fusion-flex-content-wrap\" style=\"max-width:1248px;margin-left: calc(-4% \/ 2 );margin-right: calc(-4% \/ 2 );\"><div class=\"fusion-layout-column fusion_builder_column fusion-builder-column-5 fusion_builder_column_1_3 1_3 fusion-flex-column\" style=\"--awb-bg-size:cover;--awb-width-large:33.333333333333%;--awb-margin-top-large:0px;--awb-spacing-right-large:5.76%;--awb-margin-bottom-large:20px;--awb-spacing-left-large:5.76%;--awb-width-medium:33.333333333333%;--awb-order-medium:0;--awb-spacing-right-medium:5.76%;--awb-spacing-left-medium:5.76%;--awb-width-small:100%;--awb-order-small:0;--awb-spacing-right-small:1.92%;--awb-spacing-left-small:1.92%;\"><div class=\"fusion-column-wrapper fusion-column-has-shadow fusion-flex-justify-content-flex-start fusion-content-layout-column\"><div class=\"fusion-title title fusion-title-2 fusion-sep-none fusion-title-text fusion-title-size-four\"><h4 class=\"fusion-title-heading title-heading-left\" style=\"margin:0;\">PROGRAMME :<\/h4><\/div><\/div><\/div><div class=\"fusion-layout-column fusion_builder_column fusion-builder-column-6 fusion_builder_column_2_3 2_3 fusion-flex-column\" style=\"--awb-padding-top:18px;--awb-bg-size:cover;--awb-width-large:66.666666666667%;--awb-margin-top-large:0px;--awb-spacing-right-large:2.88%;--awb-margin-bottom-large:20px;--awb-spacing-left-large:2.88%;--awb-width-medium:66.666666666667%;--awb-order-medium:0;--awb-spacing-right-medium:2.88%;--awb-spacing-left-medium:2.88%;--awb-width-small:100%;--awb-order-small:0;--awb-spacing-right-small:1.92%;--awb-spacing-left-small:1.92%;\"><div class=\"fusion-column-wrapper fusion-column-has-shadow fusion-flex-justify-content-flex-start fusion-content-layout-column\"><div class=\"fusion-text fusion-text-5\"><p>VENDREDI<br \/>\n11h-13h &gt; Repas partag\u00e9 Brunch<br \/>\n12h-18h\u00a0&gt; Djt&rsquo; Ad\u00e8le<br \/>\n18h-24h\u00a0&gt; Dj Claudio Coppola<br \/>\n19h-20h30 &gt; Repas en 2 services<br \/>\nPo\u00e9sie du soir bonsoir\u00a0!<\/p>\n<p>SAMEDI<br \/>\n11h-13h &gt; Brunch<br \/>\n12h-18h\u00a0: Dj Tibo Cresp<br \/>\n18h-24h\u00a0: Djt&rsquo; Marinette<br \/>\n19h-20h30 &gt; Repas en 2 services<br \/>\nPo\u00e9sie du soir bonsoir\u00a0!<\/p>\n<p>DIMANCHE<br \/>\n11h-13h &gt; Brunch<br \/>\n11h-15h\u00a0: Djt&rsquo; Lila<br \/>\n15h-19h\u00a0: Djt&rsquo; C\u00e9cile<br \/>\nBye bye rangement\u00a0!<\/p>\n<\/div><\/div><\/div><\/div><\/div><div class=\"fusion-fullwidth fullwidth-box fusion-builder-row-6 fusion-flex-container has-pattern-background has-mask-background nonhundred-percent-fullwidth non-hundred-percent-height-scrolling\" style=\"--awb-border-radius-top-left:0px;--awb-border-radius-top-right:0px;--awb-border-radius-bottom-right:0px;--awb-border-radius-bottom-left:0px;--awb-flex-wrap:wrap;\" ><div class=\"fusion-builder-row fusion-row fusion-flex-align-items-flex-start fusion-flex-content-wrap\" style=\"max-width:1248px;margin-left: calc(-4% \/ 2 );margin-right: calc(-4% \/ 2 );\"><div class=\"fusion-layout-column fusion_builder_column fusion-builder-column-7 fusion_builder_column_1_3 1_3 fusion-flex-column\" style=\"--awb-bg-size:cover;--awb-width-large:33.333333333333%;--awb-margin-top-large:0px;--awb-spacing-right-large:5.76%;--awb-margin-bottom-large:20px;--awb-spacing-left-large:5.76%;--awb-width-medium:33.333333333333%;--awb-order-medium:0;--awb-spacing-right-medium:5.76%;--awb-spacing-left-medium:5.76%;--awb-width-small:100%;--awb-order-small:0;--awb-spacing-right-small:1.92%;--awb-spacing-left-small:1.92%;\"><div class=\"fusion-column-wrapper fusion-column-has-shadow fusion-flex-justify-content-flex-start fusion-content-layout-column\"><div class=\"fusion-title title fusion-title-3 fusion-sep-none fusion-title-text fusion-title-size-four\"><h4 class=\"fusion-title-heading title-heading-left\" style=\"margin:0;\">TARIFS :<\/h4><\/div><\/div><\/div><div class=\"fusion-layout-column fusion_builder_column fusion-builder-column-8 fusion_builder_column_2_3 2_3 fusion-flex-column\" style=\"--awb-padding-top:18px;--awb-bg-size:cover;--awb-width-large:66.666666666667%;--awb-margin-top-large:0px;--awb-spacing-right-large:2.88%;--awb-margin-bottom-large:20px;--awb-spacing-left-large:2.88%;--awb-width-medium:66.666666666667%;--awb-order-medium:0;--awb-spacing-right-medium:2.88%;--awb-spacing-left-medium:2.88%;--awb-width-small:100%;--awb-order-small:0;--awb-spacing-right-small:1.92%;--awb-spacing-left-small:1.92%;\"><div class=\"fusion-column-wrapper fusion-column-has-shadow fusion-flex-justify-content-flex-start fusion-content-layout-column\"><div class=\"fusion-text fusion-text-6\"><p>adh\u00e9sion asso l&rsquo;Entremeleuse 5\u20ac<br \/>\n180\u20ac : pass milonga + tous les repas + h\u00e9bergement \u00e0 la maison du col en chambr\u00e9e de 3 \u00e0 6 personnes<br \/>\n150\u20ac : pass milonga + tous les repas, camion ou tente dans le jardin (place tr\u00e8s limit\u00e9es)<br \/>\n120\u20ac : pass milonga + tous les repas, dodo \u00e0 l\u2019ext\u00e9rieur<br \/>\nSi le prix du marathon est un obstacle pour vous, on vous remercie vraiment de nous contacter pour trouver des solutions ensemble.<\/p>\n<\/div><\/div><\/div><\/div><\/div><div class=\"fusion-fullwidth fullwidth-box fusion-builder-row-7 fusion-flex-container has-pattern-background has-mask-background nonhundred-percent-fullwidth non-hundred-percent-height-scrolling\" style=\"--awb-border-radius-top-left:0px;--awb-border-radius-top-right:0px;--awb-border-radius-bottom-right:0px;--awb-border-radius-bottom-left:0px;--awb-flex-wrap:wrap;\" ><div class=\"fusion-builder-row fusion-row fusion-flex-align-items-flex-start fusion-flex-content-wrap\" style=\"max-width:1248px;margin-left: calc(-4% \/ 2 );margin-right: calc(-4% \/ 2 );\"><div class=\"fusion-layout-column fusion_builder_column fusion-builder-column-9 fusion_builder_column_1_3 1_3 fusion-flex-column\" style=\"--awb-bg-size:cover;--awb-width-large:33.333333333333%;--awb-margin-top-large:0px;--awb-spacing-right-large:5.76%;--awb-margin-bottom-large:20px;--awb-spacing-left-large:5.76%;--awb-width-medium:33.333333333333%;--awb-order-medium:0;--awb-spacing-right-medium:5.76%;--awb-spacing-left-medium:5.76%;--awb-width-small:100%;--awb-order-small:0;--awb-spacing-right-small:1.92%;--awb-spacing-left-small:1.92%;\"><div class=\"fusion-column-wrapper fusion-column-has-shadow fusion-flex-justify-content-flex-start fusion-content-layout-column\"><div class=\"fusion-title title fusion-title-4 fusion-sep-none fusion-title-text fusion-title-size-four\"><h4 class=\"fusion-title-heading title-heading-left\" style=\"margin:0;\"><\/h4><\/div><\/div><\/div><div class=\"fusion-layout-column fusion_builder_column fusion-builder-column-10 fusion_builder_column_2_3 2_3 fusion-flex-column\" style=\"--awb-padding-top:18px;--awb-bg-size:cover;--awb-width-large:66.666666666667%;--awb-margin-top-large:0px;--awb-spacing-right-large:2.88%;--awb-margin-bottom-large:20px;--awb-spacing-left-large:2.88%;--awb-width-medium:66.666666666667%;--awb-order-medium:0;--awb-spacing-right-medium:2.88%;--awb-spacing-left-medium:2.88%;--awb-width-small:100%;--awb-order-small:0;--awb-spacing-right-small:1.92%;--awb-spacing-left-small:1.92%;\"><div class=\"fusion-column-wrapper fusion-column-has-shadow fusion-flex-justify-content-flex-start fusion-content-layout-column\"><div class=\"fusion-text fusion-text-7\"><\/div><\/div><\/div><\/div><\/div><div class=\"fusion-fullwidth fullwidth-box fusion-builder-row-8 fusion-flex-container has-pattern-background has-mask-background nonhundred-percent-fullwidth non-hundred-percent-height-scrolling\" style=\"--awb-border-radius-top-left:0px;--awb-border-radius-top-right:0px;--awb-border-radius-bottom-right:0px;--awb-border-radius-bottom-left:0px;--awb-flex-wrap:wrap;\" ><div class=\"fusion-builder-row fusion-row fusion-flex-align-items-flex-start fusion-flex-content-wrap\" style=\"max-width:1248px;margin-left: calc(-4% \/ 2 );margin-right: calc(-4% \/ 2 );\"><div class=\"fusion-layout-column fusion_builder_column fusion-builder-column-11 fusion_builder_column_1_1 1_1 fusion-flex-column\" style=\"--awb-bg-size:cover;--awb-width-large:100%;--awb-margin-top-large:0px;--awb-spacing-right-large:1.92%;--awb-margin-bottom-large:20px;--awb-spacing-left-large:1.92%;--awb-width-medium:100%;--awb-order-medium:0;--awb-spacing-right-medium:1.92%;--awb-spacing-left-medium:1.92%;--awb-width-small:100%;--awb-order-small:0;--awb-spacing-right-small:1.92%;--awb-spacing-left-small:1.92%;\"><div class=\"fusion-column-wrapper fusion-column-has-shadow fusion-flex-justify-content-flex-start fusion-content-layout-column\"><\/div><\/div><\/div><\/div><\/p>\n","protected":false},"excerpt":{"rendered":"","protected":false},"author":1,"featured_media":1402,"comment_status":"closed","ping_status":"open","sticky":false,"template":"","format":"standard","meta":{"footnotes":""},"categories":[7],"tags":[],"class_list":["post-1396","post","type-post","status-publish","format-standard","has-post-thumbnail","hentry","category-bientot"],"yoast_head":"<!-- This site is optimized with the Yoast SEO plugin v27.5 - https:\/\/yoast.com\/product\/yoast-seo-wordpress\/ -->\n<title>8, 9, 10 mai 2026  Folies Berg\u00e8res Tango Marathon #4 - ASSOCIATION LA BERGERIE<\/title>\n<meta name=\"description\" content=\"Une quatri\u00e8me \u00e9dition de ce beau petit joyeux marathon dans le Diois ! \u00c9v\u00e8nement r\u00e9serv\u00e9, sur invitation.\" \/>\n<meta name=\"robots\" content=\"index, follow, max-snippet:-1, max-image-preview:large, max-video-preview:-1\" \/>\n<link rel=\"canonical\" href=\"https:\/\/assolabergerie.fr\/index.php\/2025\/12\/23\/8-9-10-2026-folies-bergeres-tango-marathon-4\/\" \/>\n<meta property=\"og:locale\" content=\"fr_FR\" \/>\n<meta property=\"og:type\" content=\"article\" \/>\n<meta property=\"og:title\" content=\"8, 9, 10 mai 2026  Folies Berg\u00e8res Tango Marathon #4 - ASSOCIATION LA BERGERIE\" \/>\n<meta property=\"og:description\" content=\"Une quatri\u00e8me \u00e9dition de ce beau petit joyeux marathon dans le Diois ! \u00c9v\u00e8nement r\u00e9serv\u00e9, sur invitation.\" \/>\n<meta property=\"og:url\" content=\"https:\/\/assolabergerie.fr\/index.php\/2025\/12\/23\/8-9-10-2026-folies-bergeres-tango-marathon-4\/\" \/>\n<meta property=\"og:site_name\" content=\"ASSOCIATION LA BERGERIE\" \/>\n<meta property=\"article:published_time\" content=\"2025-12-23T13:25:29+00:00\" \/>\n<meta property=\"article:modified_time\" content=\"2026-04-16T02:40:57+00:00\" \/>\n<meta property=\"og:image\" content=\"https:\/\/assolabergerie.fr\/wp-content\/uploads\/2025\/12\/FBTM4_bandeau-FB-web_01.jpg\" \/>\n\t<meta property=\"og:image:width\" content=\"1135\" \/>\n\t<meta property=\"og:image:height\" content=\"420\" \/>\n\t<meta property=\"og:image:type\" content=\"image\/jpeg\" \/>\n<meta name=\"author\" content=\"Mathilde\" \/>\n<meta name=\"twitter:card\" content=\"summary_large_image\" \/>\n<meta name=\"twitter:label1\" content=\"\u00c9crit par\" \/>\n\t<meta name=\"twitter:data1\" content=\"Mathilde\" \/>\n\t<meta name=\"twitter:label2\" content=\"Dur\u00e9e de lecture estim\u00e9e\" \/>\n\t<meta name=\"twitter:data2\" content=\"3 minutes\" \/>\n<script type=\"application\/ld+json\" class=\"yoast-schema-graph\">{\"@context\":\"https:\\\/\\\/schema.org\",\"@graph\":[{\"@type\":\"Article\",\"@id\":\"https:\\\/\\\/assolabergerie.fr\\\/index.php\\\/2025\\\/12\\\/23\\\/8-9-10-2026-folies-bergeres-tango-marathon-4\\\/#article\",\"isPartOf\":{\"@id\":\"https:\\\/\\\/assolabergerie.fr\\\/index.php\\\/2025\\\/12\\\/23\\\/8-9-10-2026-folies-bergeres-tango-marathon-4\\\/\"},\"author\":{\"name\":\"Mathilde\",\"@id\":\"https:\\\/\\\/assolabergerie.fr\\\/#\\\/schema\\\/person\\\/73f7c2e955339a281e8a77a268ed8aea\"},\"headline\":\"8, 9, 10 mai 2026 Folies Berg\u00e8res Tango Marathon #4\",\"datePublished\":\"2025-12-23T13:25:29+00:00\",\"dateModified\":\"2026-04-16T02:40:57+00:00\",\"mainEntityOfPage\":{\"@id\":\"https:\\\/\\\/assolabergerie.fr\\\/index.php\\\/2025\\\/12\\\/23\\\/8-9-10-2026-folies-bergeres-tango-marathon-4\\\/\"},\"wordCount\":6912,\"publisher\":{\"@id\":\"https:\\\/\\\/assolabergerie.fr\\\/#organization\"},\"image\":{\"@id\":\"https:\\\/\\\/assolabergerie.fr\\\/index.php\\\/2025\\\/12\\\/23\\\/8-9-10-2026-folies-bergeres-tango-marathon-4\\\/#primaryimage\"},\"thumbnailUrl\":\"https:\\\/\\\/assolabergerie.fr\\\/wp-content\\\/uploads\\\/2025\\\/12\\\/FBTM4_bandeau-FB-web_01.jpg\",\"articleSection\":[\"Bient\u00f4t\"],\"inLanguage\":\"fr-FR\"},{\"@type\":\"WebPage\",\"@id\":\"https:\\\/\\\/assolabergerie.fr\\\/index.php\\\/2025\\\/12\\\/23\\\/8-9-10-2026-folies-bergeres-tango-marathon-4\\\/\",\"url\":\"https:\\\/\\\/assolabergerie.fr\\\/index.php\\\/2025\\\/12\\\/23\\\/8-9-10-2026-folies-bergeres-tango-marathon-4\\\/\",\"name\":\"8, 9, 10 mai 2026 Folies Berg\u00e8res Tango Marathon #4 - ASSOCIATION LA BERGERIE\",\"isPartOf\":{\"@id\":\"https:\\\/\\\/assolabergerie.fr\\\/#website\"},\"primaryImageOfPage\":{\"@id\":\"https:\\\/\\\/assolabergerie.fr\\\/index.php\\\/2025\\\/12\\\/23\\\/8-9-10-2026-folies-bergeres-tango-marathon-4\\\/#primaryimage\"},\"image\":{\"@id\":\"https:\\\/\\\/assolabergerie.fr\\\/index.php\\\/2025\\\/12\\\/23\\\/8-9-10-2026-folies-bergeres-tango-marathon-4\\\/#primaryimage\"},\"thumbnailUrl\":\"https:\\\/\\\/assolabergerie.fr\\\/wp-content\\\/uploads\\\/2025\\\/12\\\/FBTM4_bandeau-FB-web_01.jpg\",\"datePublished\":\"2025-12-23T13:25:29+00:00\",\"dateModified\":\"2026-04-16T02:40:57+00:00\",\"description\":\"Une quatri\u00e8me \u00e9dition de ce beau petit joyeux marathon dans le Diois ! \u00c9v\u00e8nement r\u00e9serv\u00e9, sur invitation.\",\"breadcrumb\":{\"@id\":\"https:\\\/\\\/assolabergerie.fr\\\/index.php\\\/2025\\\/12\\\/23\\\/8-9-10-2026-folies-bergeres-tango-marathon-4\\\/#breadcrumb\"},\"inLanguage\":\"fr-FR\",\"potentialAction\":[{\"@type\":\"ReadAction\",\"target\":[\"https:\\\/\\\/assolabergerie.fr\\\/index.php\\\/2025\\\/12\\\/23\\\/8-9-10-2026-folies-bergeres-tango-marathon-4\\\/\"]}]},{\"@type\":\"ImageObject\",\"inLanguage\":\"fr-FR\",\"@id\":\"https:\\\/\\\/assolabergerie.fr\\\/index.php\\\/2025\\\/12\\\/23\\\/8-9-10-2026-folies-bergeres-tango-marathon-4\\\/#primaryimage\",\"url\":\"https:\\\/\\\/assolabergerie.fr\\\/wp-content\\\/uploads\\\/2025\\\/12\\\/FBTM4_bandeau-FB-web_01.jpg\",\"contentUrl\":\"https:\\\/\\\/assolabergerie.fr\\\/wp-content\\\/uploads\\\/2025\\\/12\\\/FBTM4_bandeau-FB-web_01.jpg\",\"width\":1135,\"height\":420},{\"@type\":\"BreadcrumbList\",\"@id\":\"https:\\\/\\\/assolabergerie.fr\\\/index.php\\\/2025\\\/12\\\/23\\\/8-9-10-2026-folies-bergeres-tango-marathon-4\\\/#breadcrumb\",\"itemListElement\":[{\"@type\":\"ListItem\",\"position\":1,\"name\":\"Accueil\",\"item\":\"https:\\\/\\\/assolabergerie.fr\\\/\"},{\"@type\":\"ListItem\",\"position\":2,\"name\":\"8, 9, 10 mai 2026 Folies Berg\u00e8res Tango Marathon #4\"}]},{\"@type\":\"WebSite\",\"@id\":\"https:\\\/\\\/assolabergerie.fr\\\/#website\",\"url\":\"https:\\\/\\\/assolabergerie.fr\\\/\",\"name\":\"ASSOCIATION LA BERGERIE\",\"description\":\"\",\"publisher\":{\"@id\":\"https:\\\/\\\/assolabergerie.fr\\\/#organization\"},\"potentialAction\":[{\"@type\":\"SearchAction\",\"target\":{\"@type\":\"EntryPoint\",\"urlTemplate\":\"https:\\\/\\\/assolabergerie.fr\\\/?s={search_term_string}\"},\"query-input\":{\"@type\":\"PropertyValueSpecification\",\"valueRequired\":true,\"valueName\":\"search_term_string\"}}],\"inLanguage\":\"fr-FR\"},{\"@type\":\"Organization\",\"@id\":\"https:\\\/\\\/assolabergerie.fr\\\/#organization\",\"name\":\"Association La Bergerie\",\"url\":\"https:\\\/\\\/assolabergerie.fr\\\/\",\"logo\":{\"@type\":\"ImageObject\",\"inLanguage\":\"fr-FR\",\"@id\":\"https:\\\/\\\/assolabergerie.fr\\\/#\\\/schema\\\/logo\\\/image\\\/\",\"url\":\"https:\\\/\\\/assolabergerie.fr\\\/wp-content\\\/uploads\\\/2023\\\/09\\\/faviconBrebis.png\",\"contentUrl\":\"https:\\\/\\\/assolabergerie.fr\\\/wp-content\\\/uploads\\\/2023\\\/09\\\/faviconBrebis.png\",\"width\":64,\"height\":64,\"caption\":\"Association La Bergerie\"},\"image\":{\"@id\":\"https:\\\/\\\/assolabergerie.fr\\\/#\\\/schema\\\/logo\\\/image\\\/\"}},{\"@type\":\"Person\",\"@id\":\"https:\\\/\\\/assolabergerie.fr\\\/#\\\/schema\\\/person\\\/73f7c2e955339a281e8a77a268ed8aea\",\"name\":\"Mathilde\",\"image\":{\"@type\":\"ImageObject\",\"inLanguage\":\"fr-FR\",\"@id\":\"https:\\\/\\\/secure.gravatar.com\\\/avatar\\\/5def61855c654ea84c356c5ef8511abb96dcecd5a657c6b8f232e8fed733e23d?s=96&d=mm&r=g\",\"url\":\"https:\\\/\\\/secure.gravatar.com\\\/avatar\\\/5def61855c654ea84c356c5ef8511abb96dcecd5a657c6b8f232e8fed733e23d?s=96&d=mm&r=g\",\"contentUrl\":\"https:\\\/\\\/secure.gravatar.com\\\/avatar\\\/5def61855c654ea84c356c5ef8511abb96dcecd5a657c6b8f232e8fed733e23d?s=96&d=mm&r=g\",\"caption\":\"Mathilde\"},\"sameAs\":[\"http:\\\/\\\/assolabergerie.fr\"],\"url\":\"https:\\\/\\\/assolabergerie.fr\\\/index.php\\\/author\\\/admin1535\\\/\"}]}<\/script>\n<!-- \/ Yoast SEO plugin. -->","yoast_head_json":{"title":"8, 9, 10 mai 2026  Folies Berg\u00e8res Tango Marathon #4 - ASSOCIATION LA BERGERIE","description":"Une quatri\u00e8me \u00e9dition de ce beau petit joyeux marathon dans le Diois ! \u00c9v\u00e8nement r\u00e9serv\u00e9, sur invitation.","robots":{"index":"index","follow":"follow","max-snippet":"max-snippet:-1","max-image-preview":"max-image-preview:large","max-video-preview":"max-video-preview:-1"},"canonical":"https:\/\/assolabergerie.fr\/index.php\/2025\/12\/23\/8-9-10-2026-folies-bergeres-tango-marathon-4\/","og_locale":"fr_FR","og_type":"article","og_title":"8, 9, 10 mai 2026  Folies Berg\u00e8res Tango Marathon #4 - ASSOCIATION LA BERGERIE","og_description":"Une quatri\u00e8me \u00e9dition de ce beau petit joyeux marathon dans le Diois ! \u00c9v\u00e8nement r\u00e9serv\u00e9, sur invitation.","og_url":"https:\/\/assolabergerie.fr\/index.php\/2025\/12\/23\/8-9-10-2026-folies-bergeres-tango-marathon-4\/","og_site_name":"ASSOCIATION LA BERGERIE","article_published_time":"2025-12-23T13:25:29+00:00","article_modified_time":"2026-04-16T02:40:57+00:00","og_image":[{"width":1135,"height":420,"url":"https:\/\/assolabergerie.fr\/wp-content\/uploads\/2025\/12\/FBTM4_bandeau-FB-web_01.jpg","type":"image\/jpeg"}],"author":"Mathilde","twitter_card":"summary_large_image","twitter_misc":{"\u00c9crit par":"Mathilde","Dur\u00e9e de lecture estim\u00e9e":"3 minutes"},"schema":{"@context":"https:\/\/schema.org","@graph":[{"@type":"Article","@id":"https:\/\/assolabergerie.fr\/index.php\/2025\/12\/23\/8-9-10-2026-folies-bergeres-tango-marathon-4\/#article","isPartOf":{"@id":"https:\/\/assolabergerie.fr\/index.php\/2025\/12\/23\/8-9-10-2026-folies-bergeres-tango-marathon-4\/"},"author":{"name":"Mathilde","@id":"https:\/\/assolabergerie.fr\/#\/schema\/person\/73f7c2e955339a281e8a77a268ed8aea"},"headline":"8, 9, 10 mai 2026 Folies Berg\u00e8res Tango Marathon #4","datePublished":"2025-12-23T13:25:29+00:00","dateModified":"2026-04-16T02:40:57+00:00","mainEntityOfPage":{"@id":"https:\/\/assolabergerie.fr\/index.php\/2025\/12\/23\/8-9-10-2026-folies-bergeres-tango-marathon-4\/"},"wordCount":6912,"publisher":{"@id":"https:\/\/assolabergerie.fr\/#organization"},"image":{"@id":"https:\/\/assolabergerie.fr\/index.php\/2025\/12\/23\/8-9-10-2026-folies-bergeres-tango-marathon-4\/#primaryimage"},"thumbnailUrl":"https:\/\/assolabergerie.fr\/wp-content\/uploads\/2025\/12\/FBTM4_bandeau-FB-web_01.jpg","articleSection":["Bient\u00f4t"],"inLanguage":"fr-FR"},{"@type":"WebPage","@id":"https:\/\/assolabergerie.fr\/index.php\/2025\/12\/23\/8-9-10-2026-folies-bergeres-tango-marathon-4\/","url":"https:\/\/assolabergerie.fr\/index.php\/2025\/12\/23\/8-9-10-2026-folies-bergeres-tango-marathon-4\/","name":"8, 9, 10 mai 2026 Folies Berg\u00e8res Tango Marathon #4 - ASSOCIATION LA BERGERIE","isPartOf":{"@id":"https:\/\/assolabergerie.fr\/#website"},"primaryImageOfPage":{"@id":"https:\/\/assolabergerie.fr\/index.php\/2025\/12\/23\/8-9-10-2026-folies-bergeres-tango-marathon-4\/#primaryimage"},"image":{"@id":"https:\/\/assolabergerie.fr\/index.php\/2025\/12\/23\/8-9-10-2026-folies-bergeres-tango-marathon-4\/#primaryimage"},"thumbnailUrl":"https:\/\/assolabergerie.fr\/wp-content\/uploads\/2025\/12\/FBTM4_bandeau-FB-web_01.jpg","datePublished":"2025-12-23T13:25:29+00:00","dateModified":"2026-04-16T02:40:57+00:00","description":"Une quatri\u00e8me \u00e9dition de ce beau petit joyeux marathon dans le Diois ! \u00c9v\u00e8nement r\u00e9serv\u00e9, sur invitation.","breadcrumb":{"@id":"https:\/\/assolabergerie.fr\/index.php\/2025\/12\/23\/8-9-10-2026-folies-bergeres-tango-marathon-4\/#breadcrumb"},"inLanguage":"fr-FR","potentialAction":[{"@type":"ReadAction","target":["https:\/\/assolabergerie.fr\/index.php\/2025\/12\/23\/8-9-10-2026-folies-bergeres-tango-marathon-4\/"]}]},{"@type":"ImageObject","inLanguage":"fr-FR","@id":"https:\/\/assolabergerie.fr\/index.php\/2025\/12\/23\/8-9-10-2026-folies-bergeres-tango-marathon-4\/#primaryimage","url":"https:\/\/assolabergerie.fr\/wp-content\/uploads\/2025\/12\/FBTM4_bandeau-FB-web_01.jpg","contentUrl":"https:\/\/assolabergerie.fr\/wp-content\/uploads\/2025\/12\/FBTM4_bandeau-FB-web_01.jpg","width":1135,"height":420},{"@type":"BreadcrumbList","@id":"https:\/\/assolabergerie.fr\/index.php\/2025\/12\/23\/8-9-10-2026-folies-bergeres-tango-marathon-4\/#breadcrumb","itemListElement":[{"@type":"ListItem","position":1,"name":"Accueil","item":"https:\/\/assolabergerie.fr\/"},{"@type":"ListItem","position":2,"name":"8, 9, 10 mai 2026 Folies Berg\u00e8res Tango Marathon #4"}]},{"@type":"WebSite","@id":"https:\/\/assolabergerie.fr\/#website","url":"https:\/\/assolabergerie.fr\/","name":"ASSOCIATION LA BERGERIE","description":"","publisher":{"@id":"https:\/\/assolabergerie.fr\/#organization"},"potentialAction":[{"@type":"SearchAction","target":{"@type":"EntryPoint","urlTemplate":"https:\/\/assolabergerie.fr\/?s={search_term_string}"},"query-input":{"@type":"PropertyValueSpecification","valueRequired":true,"valueName":"search_term_string"}}],"inLanguage":"fr-FR"},{"@type":"Organization","@id":"https:\/\/assolabergerie.fr\/#organization","name":"Association La Bergerie","url":"https:\/\/assolabergerie.fr\/","logo":{"@type":"ImageObject","inLanguage":"fr-FR","@id":"https:\/\/assolabergerie.fr\/#\/schema\/logo\/image\/","url":"https:\/\/assolabergerie.fr\/wp-content\/uploads\/2023\/09\/faviconBrebis.png","contentUrl":"https:\/\/assolabergerie.fr\/wp-content\/uploads\/2023\/09\/faviconBrebis.png","width":64,"height":64,"caption":"Association La Bergerie"},"image":{"@id":"https:\/\/assolabergerie.fr\/#\/schema\/logo\/image\/"}},{"@type":"Person","@id":"https:\/\/assolabergerie.fr\/#\/schema\/person\/73f7c2e955339a281e8a77a268ed8aea","name":"Mathilde","image":{"@type":"ImageObject","inLanguage":"fr-FR","@id":"https:\/\/secure.gravatar.com\/avatar\/5def61855c654ea84c356c5ef8511abb96dcecd5a657c6b8f232e8fed733e23d?s=96&d=mm&r=g","url":"https:\/\/secure.gravatar.com\/avatar\/5def61855c654ea84c356c5ef8511abb96dcecd5a657c6b8f232e8fed733e23d?s=96&d=mm&r=g","contentUrl":"https:\/\/secure.gravatar.com\/avatar\/5def61855c654ea84c356c5ef8511abb96dcecd5a657c6b8f232e8fed733e23d?s=96&d=mm&r=g","caption":"Mathilde"},"sameAs":["http:\/\/assolabergerie.fr"],"url":"https:\/\/assolabergerie.fr\/index.php\/author\/admin1535\/"}]}},"_links":{"self":[{"href":"https:\/\/assolabergerie.fr\/index.php\/wp-json\/wp\/v2\/posts\/1396","targetHints":{"allow":["GET"]}}],"collection":[{"href":"https:\/\/assolabergerie.fr\/index.php\/wp-json\/wp\/v2\/posts"}],"about":[{"href":"https:\/\/assolabergerie.fr\/index.php\/wp-json\/wp\/v2\/types\/post"}],"author":[{"embeddable":true,"href":"https:\/\/assolabergerie.fr\/index.php\/wp-json\/wp\/v2\/users\/1"}],"replies":[{"embeddable":true,"href":"https:\/\/assolabergerie.fr\/index.php\/wp-json\/wp\/v2\/comments?post=1396"}],"version-history":[{"count":17,"href":"https:\/\/assolabergerie.fr\/index.php\/wp-json\/wp\/v2\/posts\/1396\/revisions"}],"predecessor-version":[{"id":1505,"href":"https:\/\/assolabergerie.fr\/index.php\/wp-json\/wp\/v2\/posts\/1396\/revisions\/1505"}],"wp:featuredmedia":[{"embeddable":true,"href":"https:\/\/assolabergerie.fr\/index.php\/wp-json\/wp\/v2\/media\/1402"}],"wp:attachment":[{"href":"https:\/\/assolabergerie.fr\/index.php\/wp-json\/wp\/v2\/media?parent=1396"}],"wp:term":[{"taxonomy":"category","embeddable":true,"href":"https:\/\/assolabergerie.fr\/index.php\/wp-json\/wp\/v2\/categories?post=1396"},{"taxonomy":"post_tag","embeddable":true,"href":"https:\/\/assolabergerie.fr\/index.php\/wp-json\/wp\/v2\/tags?post=1396"}],"curies":[{"name":"wp","href":"https:\/\/api.w.org\/{rel}","templated":true}]}}