{"id":303,"date":"2023-10-02T07:48:44","date_gmt":"2023-10-02T05:48:44","guid":{"rendered":"https:\/\/assolabergerie.fr\/?p=303"},"modified":"2024-02-20T13:56:47","modified_gmt":"2024-02-20T12:56:47","slug":"en-corps","status":"publish","type":"post","link":"https:\/\/assolabergerie.fr\/index.php\/2023\/10\/02\/en-corps\/","title":{"rendered":"17 et 18 novembre 2023 <br>\u00ab En corps \u00e0 la Bergerie \u00bb :<br>Week-end d\u2019ateliers corporels (et CI) pour adultes et enfants !"},"content":{"rendered":"<p><div class=\"fusion-fullwidth fullwidth-box fusion-builder-row-1 fusion-flex-container has-pattern-background has-mask-background nonhundred-percent-fullwidth non-hundred-percent-height-scrolling\" style=\"--awb-border-radius-top-left:0px;--awb-border-radius-top-right:0px;--awb-border-radius-bottom-right:0px;--awb-border-radius-bottom-left:0px;--awb-flex-wrap:wrap;\" ><div class=\"fusion-builder-row fusion-row fusion-flex-align-items-flex-start fusion-flex-content-wrap\" style=\"max-width:1248px;margin-left: calc(-4% \/ 2 );margin-right: calc(-4% \/ 2 );\"><div class=\"fusion-layout-column fusion_builder_column fusion-builder-column-0 fusion_builder_column_1_3 1_3 fusion-flex-column\" style=\"--awb-bg-size:cover;--awb-width-large:33.333333333333%;--awb-margin-top-large:0px;--awb-spacing-right-large:5.76%;--awb-margin-bottom-large:20px;--awb-spacing-left-large:5.76%;--awb-width-medium:33.333333333333%;--awb-order-medium:0;--awb-spacing-right-medium:5.76%;--awb-spacing-left-medium:5.76%;--awb-width-small:100%;--awb-order-small:0;--awb-spacing-right-small:1.92%;--awb-spacing-left-small:1.92%;\"><div class=\"fusion-column-wrapper fusion-column-has-shadow fusion-flex-justify-content-flex-start fusion-content-layout-column\"><div class=\"fusion-title title fusion-title-1 fusion-sep-none fusion-title-text fusion-title-size-four\"><h4 class=\"fusion-title-heading title-heading-left\" style=\"margin:0;\">Samedi 10h -11h30<\/h4><\/div><\/div><\/div><div class=\"fusion-layout-column fusion_builder_column fusion-builder-column-1 fusion_builder_column_2_3 2_3 fusion-flex-column\" style=\"--awb-padding-top:18px;--awb-bg-size:cover;--awb-width-large:66.666666666667%;--awb-margin-top-large:0px;--awb-spacing-right-large:2.88%;--awb-margin-bottom-large:20px;--awb-spacing-left-large:2.88%;--awb-width-medium:66.666666666667%;--awb-order-medium:0;--awb-spacing-right-medium:2.88%;--awb-spacing-left-medium:2.88%;--awb-width-small:100%;--awb-order-small:0;--awb-spacing-right-small:1.92%;--awb-spacing-left-small:1.92%;\"><div class=\"fusion-column-wrapper fusion-column-has-shadow fusion-flex-justify-content-flex-start fusion-content-layout-column\"><div class=\"fusion-text fusion-text-1\"><p>Atelier danse parents\/enfants guid\u00e9 par <strong>Sophie Berger<\/strong>. Th\u00e8me Automne !!<br \/>\nA l&rsquo;aide de jeux, les duos parent-enfant seront conduits pour partager du mouvement, ludique, doux et exploratoire. Un moment privil\u00e9gi\u00e9 pour partager le plaisir de la danse en famille. A partir de 3 ans.<br \/>\nTarif: 10\u20ac \/ bin\u00f4me. Pas de repas partag\u00e9 pour cette fois!<\/p>\n<\/div><\/div><\/div><\/div><\/div><div class=\"fusion-fullwidth fullwidth-box fusion-builder-row-2 fusion-flex-container has-pattern-background has-mask-background nonhundred-percent-fullwidth non-hundred-percent-height-scrolling\" style=\"--awb-border-radius-top-left:0px;--awb-border-radius-top-right:0px;--awb-border-radius-bottom-right:0px;--awb-border-radius-bottom-left:0px;--awb-flex-wrap:wrap;\" ><div class=\"fusion-builder-row fusion-row fusion-flex-align-items-flex-start fusion-flex-content-wrap\" style=\"max-width:1248px;margin-left: calc(-4% \/ 2 );margin-right: calc(-4% \/ 2 );\"><div class=\"fusion-layout-column fusion_builder_column fusion-builder-column-2 fusion_builder_column_1_3 1_3 fusion-flex-column\" style=\"--awb-bg-size:cover;--awb-width-large:33.333333333333%;--awb-margin-top-large:0px;--awb-spacing-right-large:5.76%;--awb-margin-bottom-large:20px;--awb-spacing-left-large:5.76%;--awb-width-medium:33.333333333333%;--awb-order-medium:0;--awb-spacing-right-medium:5.76%;--awb-spacing-left-medium:5.76%;--awb-width-small:100%;--awb-order-small:0;--awb-spacing-right-small:1.92%;--awb-spacing-left-small:1.92%;\"><div class=\"fusion-column-wrapper fusion-column-has-shadow fusion-flex-justify-content-flex-start fusion-content-layout-column\"><div class=\"fusion-title title fusion-title-2 fusion-sep-none fusion-title-text fusion-title-size-four\"><h4 class=\"fusion-title-heading title-heading-left\" style=\"margin:0;\">Dimanche\u00a0 10h30-13h<\/h4><\/div><\/div><\/div><div class=\"fusion-layout-column fusion_builder_column fusion-builder-column-3 fusion_builder_column_2_3 2_3 fusion-flex-column\" style=\"--awb-padding-top:18px;--awb-bg-size:cover;--awb-width-large:66.666666666667%;--awb-margin-top-large:0px;--awb-spacing-right-large:2.88%;--awb-margin-bottom-large:20px;--awb-spacing-left-large:2.88%;--awb-width-medium:66.666666666667%;--awb-order-medium:0;--awb-spacing-right-medium:2.88%;--awb-spacing-left-medium:2.88%;--awb-width-small:100%;--awb-order-small:0;--awb-spacing-right-small:1.92%;--awb-spacing-left-small:1.92%;\"><div class=\"fusion-column-wrapper fusion-column-has-shadow fusion-flex-justify-content-flex-start fusion-content-layout-column\"><div class=\"fusion-text fusion-text-2\"><p>Nous aborderons les principes de base du Contact Improvisation, recherche amorc\u00e9e dans les ann\u00e9es 70 par Steve Paxton aux Etats unis. Jouer avec la gravit\u00e9, les chutes, les \u00e9quilibres et les d\u00e9s\u00e9quilibres, donner et recevoir du poids, en mouvement et dans la joie ! (Pour adultes). Atelier guid\u00e9 par <strong>Am\u00e9lie Belair<\/strong>.<br \/>\nTarif: 15\u20ac<\/p>\n<\/div><\/div><\/div><\/div><\/div><div class=\"fusion-fullwidth fullwidth-box fusion-builder-row-3 fusion-flex-container has-pattern-background has-mask-background nonhundred-percent-fullwidth non-hundred-percent-height-scrolling\" style=\"--awb-border-radius-top-left:0px;--awb-border-radius-top-right:0px;--awb-border-radius-bottom-right:0px;--awb-border-radius-bottom-left:0px;--awb-flex-wrap:wrap;\" ><div class=\"fusion-builder-row fusion-row fusion-flex-align-items-flex-start fusion-flex-content-wrap\" style=\"max-width:1248px;margin-left: calc(-4% \/ 2 );margin-right: calc(-4% \/ 2 );\"><div class=\"fusion-layout-column fusion_builder_column fusion-builder-column-4 fusion_builder_column_1_3 1_3 fusion-flex-column\" style=\"--awb-bg-size:cover;--awb-width-large:33.333333333333%;--awb-margin-top-large:0px;--awb-spacing-right-large:5.76%;--awb-margin-bottom-large:20px;--awb-spacing-left-large:5.76%;--awb-width-medium:33.333333333333%;--awb-order-medium:0;--awb-spacing-right-medium:5.76%;--awb-spacing-left-medium:5.76%;--awb-width-small:100%;--awb-order-small:0;--awb-spacing-right-small:1.92%;--awb-spacing-left-small:1.92%;\"><div class=\"fusion-column-wrapper fusion-column-has-shadow fusion-flex-justify-content-flex-start fusion-content-layout-column\"><div class=\"fusion-title title fusion-title-3 fusion-sep-none fusion-title-text fusion-title-size-four\"><h4 class=\"fusion-title-heading title-heading-left\" style=\"margin:0;\">Dimanche 14h30-16h<\/h4><\/div><\/div><\/div><div class=\"fusion-layout-column fusion_builder_column fusion-builder-column-5 fusion_builder_column_2_3 2_3 fusion-flex-column\" style=\"--awb-padding-top:18px;--awb-bg-size:cover;--awb-width-large:66.666666666667%;--awb-margin-top-large:0px;--awb-spacing-right-large:2.88%;--awb-margin-bottom-large:20px;--awb-spacing-left-large:2.88%;--awb-width-medium:66.666666666667%;--awb-order-medium:0;--awb-spacing-right-medium:2.88%;--awb-spacing-left-medium:2.88%;--awb-width-small:100%;--awb-order-small:0;--awb-spacing-right-small:1.92%;--awb-spacing-left-small:1.92%;\"><div class=\"fusion-column-wrapper fusion-column-has-shadow fusion-flex-justify-content-flex-start fusion-content-layout-column\"><div class=\"fusion-text fusion-text-3\"><p>Atelier d\u2019anatomie sensible d\u20191h avec <strong>Marie Rousseaux<\/strong><\/p>\n<p>Une heure pour d\u00e9couvrir et sentir par le toucher une zone du corps &#8211; son anatomie et son fonctionnement dans le geste. L\u2019atelier peut \u00eatre pris de mani\u00e8re ind\u00e9pendante de la Jam.<br \/>\nTarif: 10\u20ac (Jam comprise)<\/p>\n<\/div><\/div><\/div><\/div><\/div><div class=\"fusion-fullwidth fullwidth-box fusion-builder-row-4 fusion-flex-container has-pattern-background has-mask-background nonhundred-percent-fullwidth non-hundred-percent-height-scrolling\" style=\"--awb-border-radius-top-left:0px;--awb-border-radius-top-right:0px;--awb-border-radius-bottom-right:0px;--awb-border-radius-bottom-left:0px;--awb-flex-wrap:wrap;\" ><div class=\"fusion-builder-row fusion-row fusion-flex-align-items-flex-start fusion-flex-content-wrap\" style=\"max-width:1248px;margin-left: calc(-4% \/ 2 );margin-right: calc(-4% \/ 2 );\"><div class=\"fusion-layout-column fusion_builder_column fusion-builder-column-6 fusion_builder_column_1_3 1_3 fusion-flex-column\" style=\"--awb-bg-size:cover;--awb-width-large:33.333333333333%;--awb-margin-top-large:0px;--awb-spacing-right-large:5.76%;--awb-margin-bottom-large:20px;--awb-spacing-left-large:5.76%;--awb-width-medium:33.333333333333%;--awb-order-medium:0;--awb-spacing-right-medium:5.76%;--awb-spacing-left-medium:5.76%;--awb-width-small:100%;--awb-order-small:0;--awb-spacing-right-small:1.92%;--awb-spacing-left-small:1.92%;\"><div class=\"fusion-column-wrapper fusion-column-has-shadow fusion-flex-justify-content-flex-start fusion-content-layout-column\"><div class=\"fusion-title title fusion-title-4 fusion-sep-none fusion-title-text fusion-title-size-four\"><h4 class=\"fusion-title-heading title-heading-left\" style=\"margin:0;\">Dimanche 16h-18h30<\/h4><\/div><\/div><\/div><div class=\"fusion-layout-column fusion_builder_column fusion-builder-column-7 fusion_builder_column_2_3 2_3 fusion-flex-column\" style=\"--awb-padding-top:18px;--awb-bg-size:cover;--awb-width-large:66.666666666667%;--awb-margin-top-large:0px;--awb-spacing-right-large:2.88%;--awb-margin-bottom-large:20px;--awb-spacing-left-large:2.88%;--awb-width-medium:66.666666666667%;--awb-order-medium:0;--awb-spacing-right-medium:2.88%;--awb-spacing-left-medium:2.88%;--awb-width-small:100%;--awb-order-small:0;--awb-spacing-right-small:1.92%;--awb-spacing-left-small:1.92%;\"><div class=\"fusion-column-wrapper fusion-column-has-shadow fusion-flex-justify-content-flex-start fusion-content-layout-column\"><div class=\"fusion-text fusion-text-4\"><p>jam (3\u20ac)<br \/>\nPour des personnes initi\u00e9es au CI<\/p>\n<\/div><\/div><\/div><\/div><\/div><\/p>\n","protected":false},"excerpt":{"rendered":"","protected":false},"author":1,"featured_media":290,"comment_status":"closed","ping_status":"open","sticky":false,"template":"","format":"standard","meta":{"footnotes":""},"categories":[9],"tags":[],"class_list":["post-303","post","type-post","status-publish","format-standard","has-post-thumbnail","hentry","category-archives-2023"],"yoast_head":"<!-- This site is optimized with the Yoast SEO plugin v27.5 - https:\/\/yoast.com\/product\/yoast-seo-wordpress\/ -->\n<title>17 et 18 novembre 2023 \u00ab En corps \u00e0 la Bergerie \u00bb :Week-end d\u2019ateliers corporels (et CI) pour adultes et enfants ! - ASSOCIATION LA BERGERIE<\/title>\n<meta name=\"description\" content=\"En corps \u00e0 La Bergerie Week-end d\u2019ateliers corporels Atelier de danse Parents-enfants Atelier d\u2019anatomie sensible\" \/>\n<meta name=\"robots\" content=\"index, follow, max-snippet:-1, max-image-preview:large, max-video-preview:-1\" \/>\n<link rel=\"canonical\" href=\"https:\/\/assolabergerie.fr\/index.php\/2023\/10\/02\/en-corps\/\" \/>\n<meta property=\"og:locale\" content=\"fr_FR\" \/>\n<meta property=\"og:type\" content=\"article\" \/>\n<meta property=\"og:title\" content=\"17 et 18 novembre 2023 \u00ab En corps \u00e0 la Bergerie \u00bb :Week-end d\u2019ateliers corporels (et CI) pour adultes et enfants ! - ASSOCIATION LA BERGERIE\" \/>\n<meta property=\"og:description\" content=\"En corps \u00e0 La Bergerie Week-end d\u2019ateliers corporels Atelier de danse Parents-enfants Atelier d\u2019anatomie sensible\" \/>\n<meta property=\"og:url\" content=\"https:\/\/assolabergerie.fr\/index.php\/2023\/10\/02\/en-corps\/\" \/>\n<meta property=\"og:site_name\" content=\"ASSOCIATION LA BERGERIE\" \/>\n<meta property=\"article:published_time\" content=\"2023-10-02T05:48:44+00:00\" \/>\n<meta property=\"article:modified_time\" content=\"2024-02-20T12:56:47+00:00\" \/>\n<meta property=\"og:image\" content=\"https:\/\/assolabergerie.fr\/wp-content\/uploads\/2023\/10\/danseurs-allonges.jpg\" \/>\n\t<meta property=\"og:image:width\" content=\"1024\" \/>\n\t<meta property=\"og:image:height\" content=\"768\" \/>\n\t<meta property=\"og:image:type\" content=\"image\/jpeg\" \/>\n<meta name=\"author\" content=\"Mathilde\" \/>\n<meta name=\"twitter:card\" content=\"summary_large_image\" \/>\n<meta name=\"twitter:label1\" content=\"\u00c9crit par\" \/>\n\t<meta name=\"twitter:data1\" content=\"Mathilde\" \/>\n\t<meta name=\"twitter:label2\" content=\"Dur\u00e9e de lecture estim\u00e9e\" \/>\n\t<meta name=\"twitter:data2\" content=\"8 minutes\" \/>\n<script type=\"application\/ld+json\" class=\"yoast-schema-graph\">{\"@context\":\"https:\\\/\\\/schema.org\",\"@graph\":[{\"@type\":\"Article\",\"@id\":\"https:\\\/\\\/assolabergerie.fr\\\/index.php\\\/2023\\\/10\\\/02\\\/en-corps\\\/#article\",\"isPartOf\":{\"@id\":\"https:\\\/\\\/assolabergerie.fr\\\/index.php\\\/2023\\\/10\\\/02\\\/en-corps\\\/\"},\"author\":{\"name\":\"Mathilde\",\"@id\":\"https:\\\/\\\/assolabergerie.fr\\\/#\\\/schema\\\/person\\\/73f7c2e955339a281e8a77a268ed8aea\"},\"headline\":\"17 et 18 novembre 2023 \u00ab En corps \u00e0 la Bergerie \u00bb : Week-end d\u2019ateliers corporels (et CI) pour adultes et enfants !\",\"datePublished\":\"2023-10-02T05:48:44+00:00\",\"dateModified\":\"2024-02-20T12:56:47+00:00\",\"mainEntityOfPage\":{\"@id\":\"https:\\\/\\\/assolabergerie.fr\\\/index.php\\\/2023\\\/10\\\/02\\\/en-corps\\\/\"},\"wordCount\":3832,\"publisher\":{\"@id\":\"https:\\\/\\\/assolabergerie.fr\\\/#organization\"},\"image\":{\"@id\":\"https:\\\/\\\/assolabergerie.fr\\\/index.php\\\/2023\\\/10\\\/02\\\/en-corps\\\/#primaryimage\"},\"thumbnailUrl\":\"https:\\\/\\\/assolabergerie.fr\\\/wp-content\\\/uploads\\\/2023\\\/10\\\/danseurs-allonges.jpg\",\"articleSection\":[\"Archive 2023\"],\"inLanguage\":\"fr-FR\"},{\"@type\":\"WebPage\",\"@id\":\"https:\\\/\\\/assolabergerie.fr\\\/index.php\\\/2023\\\/10\\\/02\\\/en-corps\\\/\",\"url\":\"https:\\\/\\\/assolabergerie.fr\\\/index.php\\\/2023\\\/10\\\/02\\\/en-corps\\\/\",\"name\":\"17 et 18 novembre 2023 \u00ab En corps \u00e0 la Bergerie \u00bb : Week-end d\u2019ateliers corporels (et CI) pour adultes et enfants ! - ASSOCIATION LA BERGERIE\",\"isPartOf\":{\"@id\":\"https:\\\/\\\/assolabergerie.fr\\\/#website\"},\"primaryImageOfPage\":{\"@id\":\"https:\\\/\\\/assolabergerie.fr\\\/index.php\\\/2023\\\/10\\\/02\\\/en-corps\\\/#primaryimage\"},\"image\":{\"@id\":\"https:\\\/\\\/assolabergerie.fr\\\/index.php\\\/2023\\\/10\\\/02\\\/en-corps\\\/#primaryimage\"},\"thumbnailUrl\":\"https:\\\/\\\/assolabergerie.fr\\\/wp-content\\\/uploads\\\/2023\\\/10\\\/danseurs-allonges.jpg\",\"datePublished\":\"2023-10-02T05:48:44+00:00\",\"dateModified\":\"2024-02-20T12:56:47+00:00\",\"description\":\"En corps \u00e0 La Bergerie Week-end d\u2019ateliers corporels Atelier de danse Parents-enfants Atelier d\u2019anatomie sensible\",\"breadcrumb\":{\"@id\":\"https:\\\/\\\/assolabergerie.fr\\\/index.php\\\/2023\\\/10\\\/02\\\/en-corps\\\/#breadcrumb\"},\"inLanguage\":\"fr-FR\",\"potentialAction\":[{\"@type\":\"ReadAction\",\"target\":[\"https:\\\/\\\/assolabergerie.fr\\\/index.php\\\/2023\\\/10\\\/02\\\/en-corps\\\/\"]}]},{\"@type\":\"ImageObject\",\"inLanguage\":\"fr-FR\",\"@id\":\"https:\\\/\\\/assolabergerie.fr\\\/index.php\\\/2023\\\/10\\\/02\\\/en-corps\\\/#primaryimage\",\"url\":\"https:\\\/\\\/assolabergerie.fr\\\/wp-content\\\/uploads\\\/2023\\\/10\\\/danseurs-allonges.jpg\",\"contentUrl\":\"https:\\\/\\\/assolabergerie.fr\\\/wp-content\\\/uploads\\\/2023\\\/10\\\/danseurs-allonges.jpg\",\"width\":1024,\"height\":768,\"caption\":\"Danse et pratique corporelle\"},{\"@type\":\"BreadcrumbList\",\"@id\":\"https:\\\/\\\/assolabergerie.fr\\\/index.php\\\/2023\\\/10\\\/02\\\/en-corps\\\/#breadcrumb\",\"itemListElement\":[{\"@type\":\"ListItem\",\"position\":1,\"name\":\"Accueil\",\"item\":\"https:\\\/\\\/assolabergerie.fr\\\/\"},{\"@type\":\"ListItem\",\"position\":2,\"name\":\"17 et 18 novembre 2023 \u00ab En corps \u00e0 la Bergerie \u00bb :Week-end d\u2019ateliers corporels (et CI) pour adultes et enfants !\"}]},{\"@type\":\"WebSite\",\"@id\":\"https:\\\/\\\/assolabergerie.fr\\\/#website\",\"url\":\"https:\\\/\\\/assolabergerie.fr\\\/\",\"name\":\"ASSOCIATION LA BERGERIE\",\"description\":\"\",\"publisher\":{\"@id\":\"https:\\\/\\\/assolabergerie.fr\\\/#organization\"},\"potentialAction\":[{\"@type\":\"SearchAction\",\"target\":{\"@type\":\"EntryPoint\",\"urlTemplate\":\"https:\\\/\\\/assolabergerie.fr\\\/?s={search_term_string}\"},\"query-input\":{\"@type\":\"PropertyValueSpecification\",\"valueRequired\":true,\"valueName\":\"search_term_string\"}}],\"inLanguage\":\"fr-FR\"},{\"@type\":\"Organization\",\"@id\":\"https:\\\/\\\/assolabergerie.fr\\\/#organization\",\"name\":\"Association La Bergerie\",\"url\":\"https:\\\/\\\/assolabergerie.fr\\\/\",\"logo\":{\"@type\":\"ImageObject\",\"inLanguage\":\"fr-FR\",\"@id\":\"https:\\\/\\\/assolabergerie.fr\\\/#\\\/schema\\\/logo\\\/image\\\/\",\"url\":\"https:\\\/\\\/assolabergerie.fr\\\/wp-content\\\/uploads\\\/2023\\\/09\\\/faviconBrebis.png\",\"contentUrl\":\"https:\\\/\\\/assolabergerie.fr\\\/wp-content\\\/uploads\\\/2023\\\/09\\\/faviconBrebis.png\",\"width\":64,\"height\":64,\"caption\":\"Association La Bergerie\"},\"image\":{\"@id\":\"https:\\\/\\\/assolabergerie.fr\\\/#\\\/schema\\\/logo\\\/image\\\/\"}},{\"@type\":\"Person\",\"@id\":\"https:\\\/\\\/assolabergerie.fr\\\/#\\\/schema\\\/person\\\/73f7c2e955339a281e8a77a268ed8aea\",\"name\":\"Mathilde\",\"image\":{\"@type\":\"ImageObject\",\"inLanguage\":\"fr-FR\",\"@id\":\"https:\\\/\\\/secure.gravatar.com\\\/avatar\\\/5def61855c654ea84c356c5ef8511abb96dcecd5a657c6b8f232e8fed733e23d?s=96&d=mm&r=g\",\"url\":\"https:\\\/\\\/secure.gravatar.com\\\/avatar\\\/5def61855c654ea84c356c5ef8511abb96dcecd5a657c6b8f232e8fed733e23d?s=96&d=mm&r=g\",\"contentUrl\":\"https:\\\/\\\/secure.gravatar.com\\\/avatar\\\/5def61855c654ea84c356c5ef8511abb96dcecd5a657c6b8f232e8fed733e23d?s=96&d=mm&r=g\",\"caption\":\"Mathilde\"},\"sameAs\":[\"http:\\\/\\\/assolabergerie.fr\"],\"url\":\"https:\\\/\\\/assolabergerie.fr\\\/index.php\\\/author\\\/admin1535\\\/\"}]}<\/script>\n<!-- \/ Yoast SEO plugin. -->","yoast_head_json":{"title":"17 et 18 novembre 2023 \u00ab En corps \u00e0 la Bergerie \u00bb :Week-end d\u2019ateliers corporels (et CI) pour adultes et enfants ! - ASSOCIATION LA BERGERIE","description":"En corps \u00e0 La Bergerie Week-end d\u2019ateliers corporels Atelier de danse Parents-enfants Atelier d\u2019anatomie sensible","robots":{"index":"index","follow":"follow","max-snippet":"max-snippet:-1","max-image-preview":"max-image-preview:large","max-video-preview":"max-video-preview:-1"},"canonical":"https:\/\/assolabergerie.fr\/index.php\/2023\/10\/02\/en-corps\/","og_locale":"fr_FR","og_type":"article","og_title":"17 et 18 novembre 2023 \u00ab En corps \u00e0 la Bergerie \u00bb :Week-end d\u2019ateliers corporels (et CI) pour adultes et enfants ! - ASSOCIATION LA BERGERIE","og_description":"En corps \u00e0 La Bergerie Week-end d\u2019ateliers corporels Atelier de danse Parents-enfants Atelier d\u2019anatomie sensible","og_url":"https:\/\/assolabergerie.fr\/index.php\/2023\/10\/02\/en-corps\/","og_site_name":"ASSOCIATION LA BERGERIE","article_published_time":"2023-10-02T05:48:44+00:00","article_modified_time":"2024-02-20T12:56:47+00:00","og_image":[{"width":1024,"height":768,"url":"https:\/\/assolabergerie.fr\/wp-content\/uploads\/2023\/10\/danseurs-allonges.jpg","type":"image\/jpeg"}],"author":"Mathilde","twitter_card":"summary_large_image","twitter_misc":{"\u00c9crit par":"Mathilde","Dur\u00e9e de lecture estim\u00e9e":"8 minutes"},"schema":{"@context":"https:\/\/schema.org","@graph":[{"@type":"Article","@id":"https:\/\/assolabergerie.fr\/index.php\/2023\/10\/02\/en-corps\/#article","isPartOf":{"@id":"https:\/\/assolabergerie.fr\/index.php\/2023\/10\/02\/en-corps\/"},"author":{"name":"Mathilde","@id":"https:\/\/assolabergerie.fr\/#\/schema\/person\/73f7c2e955339a281e8a77a268ed8aea"},"headline":"17 et 18 novembre 2023 \u00ab En corps \u00e0 la Bergerie \u00bb : Week-end d\u2019ateliers corporels (et CI) pour adultes et enfants !","datePublished":"2023-10-02T05:48:44+00:00","dateModified":"2024-02-20T12:56:47+00:00","mainEntityOfPage":{"@id":"https:\/\/assolabergerie.fr\/index.php\/2023\/10\/02\/en-corps\/"},"wordCount":3832,"publisher":{"@id":"https:\/\/assolabergerie.fr\/#organization"},"image":{"@id":"https:\/\/assolabergerie.fr\/index.php\/2023\/10\/02\/en-corps\/#primaryimage"},"thumbnailUrl":"https:\/\/assolabergerie.fr\/wp-content\/uploads\/2023\/10\/danseurs-allonges.jpg","articleSection":["Archive 2023"],"inLanguage":"fr-FR"},{"@type":"WebPage","@id":"https:\/\/assolabergerie.fr\/index.php\/2023\/10\/02\/en-corps\/","url":"https:\/\/assolabergerie.fr\/index.php\/2023\/10\/02\/en-corps\/","name":"17 et 18 novembre 2023 \u00ab En corps \u00e0 la Bergerie \u00bb : Week-end d\u2019ateliers corporels (et CI) pour adultes et enfants ! - ASSOCIATION LA BERGERIE","isPartOf":{"@id":"https:\/\/assolabergerie.fr\/#website"},"primaryImageOfPage":{"@id":"https:\/\/assolabergerie.fr\/index.php\/2023\/10\/02\/en-corps\/#primaryimage"},"image":{"@id":"https:\/\/assolabergerie.fr\/index.php\/2023\/10\/02\/en-corps\/#primaryimage"},"thumbnailUrl":"https:\/\/assolabergerie.fr\/wp-content\/uploads\/2023\/10\/danseurs-allonges.jpg","datePublished":"2023-10-02T05:48:44+00:00","dateModified":"2024-02-20T12:56:47+00:00","description":"En corps \u00e0 La Bergerie Week-end d\u2019ateliers corporels Atelier de danse Parents-enfants Atelier d\u2019anatomie sensible","breadcrumb":{"@id":"https:\/\/assolabergerie.fr\/index.php\/2023\/10\/02\/en-corps\/#breadcrumb"},"inLanguage":"fr-FR","potentialAction":[{"@type":"ReadAction","target":["https:\/\/assolabergerie.fr\/index.php\/2023\/10\/02\/en-corps\/"]}]},{"@type":"ImageObject","inLanguage":"fr-FR","@id":"https:\/\/assolabergerie.fr\/index.php\/2023\/10\/02\/en-corps\/#primaryimage","url":"https:\/\/assolabergerie.fr\/wp-content\/uploads\/2023\/10\/danseurs-allonges.jpg","contentUrl":"https:\/\/assolabergerie.fr\/wp-content\/uploads\/2023\/10\/danseurs-allonges.jpg","width":1024,"height":768,"caption":"Danse et pratique corporelle"},{"@type":"BreadcrumbList","@id":"https:\/\/assolabergerie.fr\/index.php\/2023\/10\/02\/en-corps\/#breadcrumb","itemListElement":[{"@type":"ListItem","position":1,"name":"Accueil","item":"https:\/\/assolabergerie.fr\/"},{"@type":"ListItem","position":2,"name":"17 et 18 novembre 2023 \u00ab En corps \u00e0 la Bergerie \u00bb :Week-end d\u2019ateliers corporels (et CI) pour adultes et enfants !"}]},{"@type":"WebSite","@id":"https:\/\/assolabergerie.fr\/#website","url":"https:\/\/assolabergerie.fr\/","name":"ASSOCIATION LA BERGERIE","description":"","publisher":{"@id":"https:\/\/assolabergerie.fr\/#organization"},"potentialAction":[{"@type":"SearchAction","target":{"@type":"EntryPoint","urlTemplate":"https:\/\/assolabergerie.fr\/?s={search_term_string}"},"query-input":{"@type":"PropertyValueSpecification","valueRequired":true,"valueName":"search_term_string"}}],"inLanguage":"fr-FR"},{"@type":"Organization","@id":"https:\/\/assolabergerie.fr\/#organization","name":"Association La Bergerie","url":"https:\/\/assolabergerie.fr\/","logo":{"@type":"ImageObject","inLanguage":"fr-FR","@id":"https:\/\/assolabergerie.fr\/#\/schema\/logo\/image\/","url":"https:\/\/assolabergerie.fr\/wp-content\/uploads\/2023\/09\/faviconBrebis.png","contentUrl":"https:\/\/assolabergerie.fr\/wp-content\/uploads\/2023\/09\/faviconBrebis.png","width":64,"height":64,"caption":"Association La Bergerie"},"image":{"@id":"https:\/\/assolabergerie.fr\/#\/schema\/logo\/image\/"}},{"@type":"Person","@id":"https:\/\/assolabergerie.fr\/#\/schema\/person\/73f7c2e955339a281e8a77a268ed8aea","name":"Mathilde","image":{"@type":"ImageObject","inLanguage":"fr-FR","@id":"https:\/\/secure.gravatar.com\/avatar\/5def61855c654ea84c356c5ef8511abb96dcecd5a657c6b8f232e8fed733e23d?s=96&d=mm&r=g","url":"https:\/\/secure.gravatar.com\/avatar\/5def61855c654ea84c356c5ef8511abb96dcecd5a657c6b8f232e8fed733e23d?s=96&d=mm&r=g","contentUrl":"https:\/\/secure.gravatar.com\/avatar\/5def61855c654ea84c356c5ef8511abb96dcecd5a657c6b8f232e8fed733e23d?s=96&d=mm&r=g","caption":"Mathilde"},"sameAs":["http:\/\/assolabergerie.fr"],"url":"https:\/\/assolabergerie.fr\/index.php\/author\/admin1535\/"}]}},"_links":{"self":[{"href":"https:\/\/assolabergerie.fr\/index.php\/wp-json\/wp\/v2\/posts\/303","targetHints":{"allow":["GET"]}}],"collection":[{"href":"https:\/\/assolabergerie.fr\/index.php\/wp-json\/wp\/v2\/posts"}],"about":[{"href":"https:\/\/assolabergerie.fr\/index.php\/wp-json\/wp\/v2\/types\/post"}],"author":[{"embeddable":true,"href":"https:\/\/assolabergerie.fr\/index.php\/wp-json\/wp\/v2\/users\/1"}],"replies":[{"embeddable":true,"href":"https:\/\/assolabergerie.fr\/index.php\/wp-json\/wp\/v2\/comments?post=303"}],"version-history":[{"count":6,"href":"https:\/\/assolabergerie.fr\/index.php\/wp-json\/wp\/v2\/posts\/303\/revisions"}],"predecessor-version":[{"id":363,"href":"https:\/\/assolabergerie.fr\/index.php\/wp-json\/wp\/v2\/posts\/303\/revisions\/363"}],"wp:featuredmedia":[{"embeddable":true,"href":"https:\/\/assolabergerie.fr\/index.php\/wp-json\/wp\/v2\/media\/290"}],"wp:attachment":[{"href":"https:\/\/assolabergerie.fr\/index.php\/wp-json\/wp\/v2\/media?parent=303"}],"wp:term":[{"taxonomy":"category","embeddable":true,"href":"https:\/\/assolabergerie.fr\/index.php\/wp-json\/wp\/v2\/categories?post=303"},{"taxonomy":"post_tag","embeddable":true,"href":"https:\/\/assolabergerie.fr\/index.php\/wp-json\/wp\/v2\/tags?post=303"}],"curies":[{"name":"wp","href":"https:\/\/api.w.org\/{rel}","templated":true}]}}