{"id":637,"date":"2024-05-17T14:32:48","date_gmt":"2024-05-17T12:32:48","guid":{"rendered":"https:\/\/assolabergerie.fr\/?p=637"},"modified":"2025-05-07T21:56:04","modified_gmt":"2025-05-07T19:56:04","slug":"mai-2025-folies-bergeres-tango-marathon","status":"publish","type":"post","link":"https:\/\/assolabergerie.fr\/index.php\/2024\/05\/17\/mai-2025-folies-bergeres-tango-marathon\/","title":{"rendered":"1-2-3  mai 2025 <br>  Folies Berg\u00e8res Tango Marathon #2<br> COMPLET"},"content":{"rendered":"<p><div class=\"fusion-fullwidth fullwidth-box fusion-builder-row-1 fusion-flex-container has-pattern-background has-mask-background nonhundred-percent-fullwidth non-hundred-percent-height-scrolling\" style=\"--awb-border-radius-top-left:0px;--awb-border-radius-top-right:0px;--awb-border-radius-bottom-right:0px;--awb-border-radius-bottom-left:0px;--awb-flex-wrap:wrap;\" ><div class=\"fusion-builder-row fusion-row fusion-flex-align-items-flex-start fusion-flex-content-wrap\" style=\"max-width:1248px;margin-left: calc(-4% \/ 2 );margin-right: calc(-4% \/ 2 );\"><div class=\"fusion-layout-column fusion_builder_column fusion-builder-column-0 fusion_builder_column_2_3 2_3 fusion-flex-column\" style=\"--awb-padding-top:18px;--awb-bg-size:cover;--awb-width-large:66.666666666667%;--awb-margin-top-large:0px;--awb-spacing-right-large:2.88%;--awb-margin-bottom-large:20px;--awb-spacing-left-large:2.88%;--awb-width-medium:66.666666666667%;--awb-order-medium:0;--awb-spacing-right-medium:2.88%;--awb-spacing-left-medium:2.88%;--awb-width-small:100%;--awb-order-small:0;--awb-spacing-right-small:1.92%;--awb-spacing-left-small:1.92%;\"><div class=\"fusion-column-wrapper fusion-column-has-shadow fusion-flex-justify-content-flex-start fusion-content-layout-column\"><div class=\"fusion-text fusion-text-1\"><p>Meilleurs voeux !<br \/>\nDe la danse, encore de la danse ! Qu&rsquo;elle t&rsquo;apporte joie et bonheur !<\/p>\n<p>Peut-\u00eatre sais-tu d\u00e9j\u00e0 que la premi\u00e8re \u00e9dition nous a fait pousser des ailes !<br \/>\n<strong>Les 1-2-3 mai<\/strong>, nous en organisons une deuxi\u00e8me plus longue, douce et printani\u00e8re.<br \/>\nJeudi, vendredi et samedi, <strong>3 jours \u00e0 danser de midi \u00e0 minuit<\/strong> dans le cadre magnifique et convivial de la Bergerie au c\u0153ur de la Dr\u00f4me.<br \/>\nUn format inhabituel, qui te permet d&rsquo;arriver tranquillement le jeudi midi du 1 mai et de rentrer sans fatigue ni urgence le dimanche apr\u00e8s 36h de danse.<\/p>\n<\/div><\/div><\/div><\/div><\/div><div class=\"fusion-fullwidth fullwidth-box fusion-builder-row-2 fusion-flex-container has-pattern-background has-mask-background nonhundred-percent-fullwidth non-hundred-percent-height-scrolling\" style=\"--awb-border-radius-top-left:0px;--awb-border-radius-top-right:0px;--awb-border-radius-bottom-right:0px;--awb-border-radius-bottom-left:0px;--awb-flex-wrap:wrap;\" ><div class=\"fusion-builder-row fusion-row fusion-flex-align-items-flex-start fusion-flex-content-wrap\" style=\"max-width:1248px;margin-left: calc(-4% \/ 2 );margin-right: calc(-4% \/ 2 );\"><div class=\"fusion-layout-column fusion_builder_column fusion-builder-column-1 fusion_builder_column_2_3 2_3 fusion-flex-column\" style=\"--awb-padding-top:18px;--awb-bg-size:cover;--awb-width-large:66.666666666667%;--awb-margin-top-large:0px;--awb-spacing-right-large:2.88%;--awb-margin-bottom-large:20px;--awb-spacing-left-large:2.88%;--awb-width-medium:66.666666666667%;--awb-order-medium:0;--awb-spacing-right-medium:2.88%;--awb-spacing-left-medium:2.88%;--awb-width-small:100%;--awb-order-small:0;--awb-spacing-right-small:1.92%;--awb-spacing-left-small:1.92%;\"><div class=\"fusion-column-wrapper fusion-column-has-shadow fusion-flex-justify-content-flex-start fusion-content-layout-column\"><div class=\"fusion-text fusion-text-2\"><p><strong>Ouverture des inscriptions le 18 janvier \u00e0 midi<\/strong> &#8211;<a href=\"https:\/\/docs.google.com\/forms\/d\/e\/1FAIpQLSdBUyHA3iXWHGXpPSMLNE69RLHHooK-0SxwQv6JjUiE9efUFA\/viewform?usp=header\">&gt; par ICI.<\/a><\/p>\n<\/div><\/div><\/div><\/div><\/div><div class=\"fusion-fullwidth fullwidth-box fusion-builder-row-3 fusion-flex-container has-pattern-background has-mask-background nonhundred-percent-fullwidth non-hundred-percent-height-scrolling\" style=\"--awb-border-radius-top-left:0px;--awb-border-radius-top-right:0px;--awb-border-radius-bottom-right:0px;--awb-border-radius-bottom-left:0px;--awb-flex-wrap:wrap;\" ><div class=\"fusion-builder-row fusion-row fusion-flex-align-items-flex-start fusion-flex-content-wrap\" style=\"max-width:1248px;margin-left: calc(-4% \/ 2 );margin-right: calc(-4% \/ 2 );\"><div class=\"fusion-layout-column fusion_builder_column fusion-builder-column-2 fusion_builder_column_2_3 2_3 fusion-flex-column\" style=\"--awb-padding-top:18px;--awb-bg-size:cover;--awb-width-large:66.666666666667%;--awb-margin-top-large:0px;--awb-spacing-right-large:2.88%;--awb-margin-bottom-large:20px;--awb-spacing-left-large:2.88%;--awb-width-medium:66.666666666667%;--awb-order-medium:0;--awb-spacing-right-medium:2.88%;--awb-spacing-left-medium:2.88%;--awb-width-small:100%;--awb-order-small:0;--awb-spacing-right-small:1.92%;--awb-spacing-left-small:1.92%;\"><div class=\"fusion-column-wrapper fusion-column-has-shadow fusion-flex-justify-content-flex-start fusion-content-layout-column\"><div class=\"fusion-text fusion-text-3\"><p>L&rsquo;inscription en couple n&rsquo;est pas obligatoire, mais nous connaissons tous.tes la r\u00e9alit\u00e9 du bal et l&rsquo;importance de la parit\u00e9 entre guide et interpr\u00e8te. Si tu as un ou une guide ou interpr\u00e8te que tu appr\u00e9cies et avec qui tu aimerais partager cet \u00e9v\u00e8nement, aide-nous \u00e0 cr\u00e9er l&rsquo;\u00e9quilibre. Nous ferons aussi la part belle au double r\u00f4le.<\/p>\n<p>Nous serons 90, staff compris \u00e0 danser sur le parquet de La Bergerie de Saint-Etienne-en-Quint (Dr\u00f4me)<br \/>\nchez Mathilde et Valentin.<\/p>\n<\/div><div class=\"fusion-text fusion-text-4\"><p>36h de danse \u00e0 des heures raisonnables,<br \/>\n90 danseureuses dont le staff<br \/>\n6 DJs pour r\u00e9jouir nos oreilles : Beno\u00eet Le Rouge (La Ciotat), Davide Duncan (Die), Carole Pachab\u00e9zian (Crest) &#8230;.<\/p>\n<\/div><div class=\"fusion-text fusion-text-5\"><p>100m2 de parquet tout doux<br \/>\n1 repas en auberge espagnole jeudi midi<br \/>\n3 petits d\u00e9jeuners<br \/>\n2 buffets de midi<br \/>\n3 repas du soir<\/p>\n<\/div><\/div><\/div><\/div><\/div><div class=\"fusion-fullwidth fullwidth-box fusion-builder-row-4 fusion-flex-container has-pattern-background has-mask-background nonhundred-percent-fullwidth non-hundred-percent-height-scrolling\" style=\"--awb-border-radius-top-left:0px;--awb-border-radius-top-right:0px;--awb-border-radius-bottom-right:0px;--awb-border-radius-bottom-left:0px;--awb-flex-wrap:wrap;\" ><div class=\"fusion-builder-row fusion-row fusion-flex-align-items-flex-start fusion-flex-content-wrap\" style=\"max-width:1248px;margin-left: calc(-4% \/ 2 );margin-right: calc(-4% \/ 2 );\"><div class=\"fusion-layout-column fusion_builder_column fusion-builder-column-3 fusion_builder_column_1_3 1_3 fusion-flex-column\" style=\"--awb-bg-size:cover;--awb-width-large:33.333333333333%;--awb-margin-top-large:0px;--awb-spacing-right-large:5.76%;--awb-margin-bottom-large:20px;--awb-spacing-left-large:5.76%;--awb-width-medium:33.333333333333%;--awb-order-medium:0;--awb-spacing-right-medium:5.76%;--awb-spacing-left-medium:5.76%;--awb-width-small:100%;--awb-order-small:0;--awb-spacing-right-small:1.92%;--awb-spacing-left-small:1.92%;\"><div class=\"fusion-column-wrapper fusion-column-has-shadow fusion-flex-justify-content-flex-start fusion-content-layout-column\"><div class=\"fusion-title title fusion-title-1 fusion-sep-none fusion-title-text fusion-title-size-four\"><h4 class=\"fusion-title-heading title-heading-left\" style=\"margin:0;\">LES LIEUX :<\/h4><\/div><\/div><\/div><div class=\"fusion-layout-column fusion_builder_column fusion-builder-column-4 fusion_builder_column_2_3 2_3 fusion-flex-column\" style=\"--awb-padding-top:18px;--awb-bg-size:cover;--awb-width-large:66.666666666667%;--awb-margin-top-large:0px;--awb-spacing-right-large:2.88%;--awb-margin-bottom-large:20px;--awb-spacing-left-large:2.88%;--awb-width-medium:66.666666666667%;--awb-order-medium:0;--awb-spacing-right-medium:2.88%;--awb-spacing-left-medium:2.88%;--awb-width-small:100%;--awb-order-small:0;--awb-spacing-right-small:1.92%;--awb-spacing-left-small:1.92%;\"><div class=\"fusion-column-wrapper fusion-column-has-shadow fusion-flex-justify-content-flex-start fusion-content-layout-column\"><div class=\"fusion-text fusion-text-6\"><p>HEBERGEMENT<br \/>\nDiff\u00e9rentes formules d&rsquo;h\u00e9bergement : en chambre \u00e0 11 min en voiture de la Bergerie, ou sur place en tente, ou camion (places tr\u00e8s limit\u00e9es)<\/p>\n<p>CADRE<br \/>\nLe Diois offre un cadre rural sauvage dans les contreforts du Vercors, id\u00e9al pour se balader, faire de l&rsquo;escalade.<br \/>\nLes march\u00e9s hebdomadaires samedi matin \u00e0 Die et dimanche matin \u00e0 Saillans sont l&rsquo;occasion de plonger dans l&rsquo;ambiance locale pour y d\u00e9couvrir des produits issus de l&rsquo;agriculture paysanne.<\/p>\n<\/div><div class=\"fusion-text fusion-text-7\"><p><strong>LA PISTE DE DANSE<\/strong> Adresse de la Bergerie :<br \/>\n45 Rte du Col D\u2019An\u00e8s, hameau de St Etienne, 26150 Saint-And\u00e9ol, <a href=\"https:\/\/assolabergerie.fr\/index.php\/infos-pratiques\/\" target=\"_blank\" rel=\"noopener\" data-saferedirecturl=\"https:\/\/www.google.com\/url?q=https:\/\/assolabergerie.fr\/index.php\/infos-pratiques\/&amp;source=gmail&amp;ust=1716127027901000&amp;usg=AOvVaw3wnV2_tIkW76QzzgY9hjcA\">Adresse de la Bergerie<\/a><\/p>\n<p><strong>LE GITE<\/strong> Adresse de l&rsquo;h\u00e9bergement \u00e0 la Maison du col :<br \/>\n2941 route de Saint Julien, Col de Marignac, 26150 Marignac-en-Diois, <a href=\"https:\/\/www.google.com\/maps\/place\/Maison+du+Col\/@44.808715,5.263162,14z\/data=!4m6!3m5!1s0x12cab3bc171813b7:0x480fc3c5dab4e3ac!8m2!3d44.812413!4d5.3030086!16s%2Fg%2F11mx917rqd?hl=fr&amp;entry=ttu\" target=\"_blank\" rel=\"noopener\" data-saferedirecturl=\"https:\/\/www.google.com\/url?q=https:\/\/www.google.com\/maps\/place\/Maison%2Bdu%2BCol\/@44.808715,5.263162,14z\/data%3D!4m6!3m5!1s0x12cab3bc171813b7:0x480fc3c5dab4e3ac!8m2!3d44.812413!4d5.3030086!16s%252Fg%252F11mx917rqd?hl%3Dfr%26entry%3Dttu&amp;source=gmail&amp;ust=1716127027901000&amp;usg=AOvVaw0bhK9jozqOQ-jhcyCN_NjJ\">Adresse de l&rsquo;h\u00e9bergement \u00e0 la Maison du col<\/a><\/p>\n<p><strong>GARES LES PLUS PROCHES<\/strong><br \/>\n15 min en voiture de la gare SNCF de DIE ter\/car<br \/>\n1h15 en voiture de la gare SNCF de Valence TGV + location de voiture<br \/>\n1h15 en voiture de la gare SNCF de Valence Ville + location de voiture<\/p>\n<p>Des covoiturages seront mis en place depuis la gare de Die, et entre le gite et la Bergerie.<\/p>\n<\/div><\/div><\/div><\/div><\/div><div class=\"fusion-fullwidth fullwidth-box fusion-builder-row-5 fusion-flex-container has-pattern-background has-mask-background nonhundred-percent-fullwidth non-hundred-percent-height-scrolling\" style=\"--awb-border-radius-top-left:0px;--awb-border-radius-top-right:0px;--awb-border-radius-bottom-right:0px;--awb-border-radius-bottom-left:0px;--awb-flex-wrap:wrap;\" ><div class=\"fusion-builder-row fusion-row fusion-flex-align-items-flex-start fusion-flex-content-wrap\" style=\"max-width:1248px;margin-left: calc(-4% \/ 2 );margin-right: calc(-4% \/ 2 );\"><div class=\"fusion-layout-column fusion_builder_column fusion-builder-column-5 fusion_builder_column_1_3 1_3 fusion-flex-column\" style=\"--awb-bg-size:cover;--awb-width-large:33.333333333333%;--awb-margin-top-large:0px;--awb-spacing-right-large:5.76%;--awb-margin-bottom-large:20px;--awb-spacing-left-large:5.76%;--awb-width-medium:33.333333333333%;--awb-order-medium:0;--awb-spacing-right-medium:5.76%;--awb-spacing-left-medium:5.76%;--awb-width-small:100%;--awb-order-small:0;--awb-spacing-right-small:1.92%;--awb-spacing-left-small:1.92%;\"><div class=\"fusion-column-wrapper fusion-column-has-shadow fusion-flex-justify-content-flex-start fusion-content-layout-column\"><div class=\"fusion-title title fusion-title-2 fusion-sep-none fusion-title-text fusion-title-size-four\"><h4 class=\"fusion-title-heading title-heading-left\" style=\"margin:0;\">PROGRAMME<\/h4><\/div><\/div><\/div><div class=\"fusion-layout-column fusion_builder_column fusion-builder-column-6 fusion_builder_column_2_3 2_3 fusion-flex-column\" style=\"--awb-padding-top:18px;--awb-bg-size:cover;--awb-width-large:66.666666666667%;--awb-margin-top-large:0px;--awb-spacing-right-large:2.88%;--awb-margin-bottom-large:20px;--awb-spacing-left-large:2.88%;--awb-width-medium:66.666666666667%;--awb-order-medium:0;--awb-spacing-right-medium:2.88%;--awb-spacing-left-medium:2.88%;--awb-width-small:100%;--awb-order-small:0;--awb-spacing-right-small:1.92%;--awb-spacing-left-small:1.92%;\"><div class=\"fusion-column-wrapper fusion-column-has-shadow fusion-flex-justify-content-flex-start fusion-content-layout-column\"><div class=\"fusion-text fusion-text-8\"><p><strong>Jeudi 1 Mai<\/strong><br \/>\n10h accueil puis non stop midi-minuit DJ<br \/>\nD\u00e9jeuner en auberge espagnole, apporte de quoi partager \u00e0 boire et \u00e0 manger<br \/>\nDiner<br \/>\n<strong>Vendredi 2 Mai<\/strong><br \/>\nnon-stop midi-minuit DJ + surprise<br \/>\nPetit d\u00e9j, buffet brunch et soir<br \/>\n<strong>Samedi 3 mai<\/strong><br \/>\nnon-stop midi-2h DJ + surprise<br \/>\nPetit d\u00e9j, buffet brunch et soir<br \/>\n<strong>dimanche 4 mai<\/strong><br \/>\nPetit d\u00e9j, coup de clean, byebye !<\/p>\n<\/div><\/div><\/div><\/div><\/div><div class=\"fusion-fullwidth fullwidth-box fusion-builder-row-6 fusion-flex-container has-pattern-background has-mask-background nonhundred-percent-fullwidth non-hundred-percent-height-scrolling\" style=\"--awb-border-radius-top-left:0px;--awb-border-radius-top-right:0px;--awb-border-radius-bottom-right:0px;--awb-border-radius-bottom-left:0px;--awb-flex-wrap:wrap;\" ><div class=\"fusion-builder-row fusion-row fusion-flex-align-items-flex-start fusion-flex-content-wrap\" style=\"max-width:1248px;margin-left: calc(-4% \/ 2 );margin-right: calc(-4% \/ 2 );\"><div class=\"fusion-layout-column fusion_builder_column fusion-builder-column-7 fusion_builder_column_1_3 1_3 fusion-flex-column\" style=\"--awb-bg-size:cover;--awb-width-large:33.333333333333%;--awb-margin-top-large:0px;--awb-spacing-right-large:5.76%;--awb-margin-bottom-large:20px;--awb-spacing-left-large:5.76%;--awb-width-medium:33.333333333333%;--awb-order-medium:0;--awb-spacing-right-medium:5.76%;--awb-spacing-left-medium:5.76%;--awb-width-small:100%;--awb-order-small:0;--awb-spacing-right-small:1.92%;--awb-spacing-left-small:1.92%;\"><div class=\"fusion-column-wrapper fusion-column-has-shadow fusion-flex-justify-content-flex-start fusion-content-layout-column\"><div class=\"fusion-title title fusion-title-3 fusion-sep-none fusion-title-text fusion-title-size-four\"><h4 class=\"fusion-title-heading title-heading-left\" style=\"margin:0;\">Tarifs<\/h4><\/div><\/div><\/div><div class=\"fusion-layout-column fusion_builder_column fusion-builder-column-8 fusion_builder_column_2_3 2_3 fusion-flex-column\" style=\"--awb-padding-top:18px;--awb-bg-size:cover;--awb-width-large:66.666666666667%;--awb-margin-top-large:0px;--awb-spacing-right-large:2.88%;--awb-margin-bottom-large:20px;--awb-spacing-left-large:2.88%;--awb-width-medium:66.666666666667%;--awb-order-medium:0;--awb-spacing-right-medium:2.88%;--awb-spacing-left-medium:2.88%;--awb-width-small:100%;--awb-order-small:0;--awb-spacing-right-small:1.92%;--awb-spacing-left-small:1.92%;\"><div class=\"fusion-column-wrapper fusion-column-has-shadow fusion-flex-justify-content-flex-start fusion-content-layout-column\"><div class=\"fusion-text fusion-text-9\"><p>adh\u00e9sion asso l&rsquo;Entremeleuse 5\u20ac (ann\u00e9e scolaire sept 2024-sept 2025)<\/p>\n<p>210\u20ac : pass milonga + tous les repas + h\u00e9bergement \u00e0 la maison du col en chambr\u00e9e de 3 \u00e0 6 personnes<br \/>\n170\u20ac : pass milonga + tous les repas, camping car dans le jardin (place tr\u00e8s limit\u00e9es)<br \/>\n150\u20ac : pass milonga + tous les repas, tente dans le jardin (place tr\u00e8s limit\u00e9es)<br \/>\n130\u20ac : pass milonga + tous les repas, dodo \u00e0 l\u2019exterieur<\/p>\n<p><strong>Si le prix du marathon est un obstacle pour vous, on vous remercie vraiment de nous contacter pour trouver des solutions ensemble.<\/strong><\/p>\n<\/div><\/div><\/div><\/div><\/div><\/p>\n","protected":false},"excerpt":{"rendered":"","protected":false},"author":1,"featured_media":914,"comment_status":"closed","ping_status":"open","sticky":false,"template":"","format":"standard","meta":{"footnotes":""},"categories":[12],"tags":[],"class_list":["post-637","post","type-post","status-publish","format-standard","has-post-thumbnail","hentry","category-archives-2025"],"yoast_head":"<!-- This site is optimized with the Yoast SEO plugin v27.5 - https:\/\/yoast.com\/product\/yoast-seo-wordpress\/ -->\n<title>1-2-3 mai 2025  Folies Berg\u00e8res Tango Marathon #2 COMPLET - ASSOCIATION LA BERGERIE<\/title>\n<meta name=\"description\" content=\"Tango marathon mai 2024\" \/>\n<meta name=\"robots\" content=\"index, follow, max-snippet:-1, max-image-preview:large, max-video-preview:-1\" \/>\n<link rel=\"canonical\" href=\"https:\/\/assolabergerie.fr\/index.php\/2024\/05\/17\/mai-2025-folies-bergeres-tango-marathon\/\" \/>\n<meta property=\"og:locale\" content=\"fr_FR\" \/>\n<meta property=\"og:type\" content=\"article\" \/>\n<meta property=\"og:title\" content=\"1-2-3 mai 2025  Folies Berg\u00e8res Tango Marathon #2 COMPLET - ASSOCIATION LA BERGERIE\" \/>\n<meta property=\"og:description\" content=\"Tango marathon mai 2024\" \/>\n<meta property=\"og:url\" content=\"https:\/\/assolabergerie.fr\/index.php\/2024\/05\/17\/mai-2025-folies-bergeres-tango-marathon\/\" \/>\n<meta property=\"og:site_name\" content=\"ASSOCIATION LA BERGERIE\" \/>\n<meta property=\"article:published_time\" content=\"2024-05-17T12:32:48+00:00\" \/>\n<meta property=\"article:modified_time\" content=\"2025-05-07T19:56:04+00:00\" \/>\n<meta property=\"og:image\" content=\"https:\/\/assolabergerie.fr\/wp-content\/uploads\/2024\/05\/FBTM2_bandeau-FB-web.jpg\" \/>\n\t<meta property=\"og:image:width\" content=\"1135\" \/>\n\t<meta property=\"og:image:height\" content=\"420\" \/>\n\t<meta property=\"og:image:type\" content=\"image\/jpeg\" \/>\n<meta name=\"author\" content=\"Mathilde\" \/>\n<meta name=\"twitter:card\" content=\"summary_large_image\" \/>\n<meta name=\"twitter:label1\" content=\"\u00c9crit par\" \/>\n\t<meta name=\"twitter:data1\" content=\"Mathilde\" \/>\n\t<meta name=\"twitter:label2\" content=\"Dur\u00e9e de lecture estim\u00e9e\" \/>\n\t<meta name=\"twitter:data2\" content=\"4 minutes\" \/>\n<script type=\"application\/ld+json\" class=\"yoast-schema-graph\">{\"@context\":\"https:\\\/\\\/schema.org\",\"@graph\":[{\"@type\":\"Article\",\"@id\":\"https:\\\/\\\/assolabergerie.fr\\\/index.php\\\/2024\\\/05\\\/17\\\/mai-2025-folies-bergeres-tango-marathon\\\/#article\",\"isPartOf\":{\"@id\":\"https:\\\/\\\/assolabergerie.fr\\\/index.php\\\/2024\\\/05\\\/17\\\/mai-2025-folies-bergeres-tango-marathon\\\/\"},\"author\":{\"name\":\"Mathilde\",\"@id\":\"https:\\\/\\\/assolabergerie.fr\\\/#\\\/schema\\\/person\\\/73f7c2e955339a281e8a77a268ed8aea\"},\"headline\":\"1-2-3 mai 2025 Folies Berg\u00e8res Tango Marathon #2 COMPLET\",\"datePublished\":\"2024-05-17T12:32:48+00:00\",\"dateModified\":\"2025-05-07T19:56:04+00:00\",\"mainEntityOfPage\":{\"@id\":\"https:\\\/\\\/assolabergerie.fr\\\/index.php\\\/2024\\\/05\\\/17\\\/mai-2025-folies-bergeres-tango-marathon\\\/\"},\"wordCount\":5372,\"publisher\":{\"@id\":\"https:\\\/\\\/assolabergerie.fr\\\/#organization\"},\"image\":{\"@id\":\"https:\\\/\\\/assolabergerie.fr\\\/index.php\\\/2024\\\/05\\\/17\\\/mai-2025-folies-bergeres-tango-marathon\\\/#primaryimage\"},\"thumbnailUrl\":\"https:\\\/\\\/assolabergerie.fr\\\/wp-content\\\/uploads\\\/2024\\\/05\\\/FBTM2_bandeau-FB-web.jpg\",\"articleSection\":[\"Archive 2025\"],\"inLanguage\":\"fr-FR\"},{\"@type\":\"WebPage\",\"@id\":\"https:\\\/\\\/assolabergerie.fr\\\/index.php\\\/2024\\\/05\\\/17\\\/mai-2025-folies-bergeres-tango-marathon\\\/\",\"url\":\"https:\\\/\\\/assolabergerie.fr\\\/index.php\\\/2024\\\/05\\\/17\\\/mai-2025-folies-bergeres-tango-marathon\\\/\",\"name\":\"1-2-3 mai 2025 Folies Berg\u00e8res Tango Marathon #2 COMPLET - ASSOCIATION LA BERGERIE\",\"isPartOf\":{\"@id\":\"https:\\\/\\\/assolabergerie.fr\\\/#website\"},\"primaryImageOfPage\":{\"@id\":\"https:\\\/\\\/assolabergerie.fr\\\/index.php\\\/2024\\\/05\\\/17\\\/mai-2025-folies-bergeres-tango-marathon\\\/#primaryimage\"},\"image\":{\"@id\":\"https:\\\/\\\/assolabergerie.fr\\\/index.php\\\/2024\\\/05\\\/17\\\/mai-2025-folies-bergeres-tango-marathon\\\/#primaryimage\"},\"thumbnailUrl\":\"https:\\\/\\\/assolabergerie.fr\\\/wp-content\\\/uploads\\\/2024\\\/05\\\/FBTM2_bandeau-FB-web.jpg\",\"datePublished\":\"2024-05-17T12:32:48+00:00\",\"dateModified\":\"2025-05-07T19:56:04+00:00\",\"description\":\"Tango marathon mai 2024\",\"breadcrumb\":{\"@id\":\"https:\\\/\\\/assolabergerie.fr\\\/index.php\\\/2024\\\/05\\\/17\\\/mai-2025-folies-bergeres-tango-marathon\\\/#breadcrumb\"},\"inLanguage\":\"fr-FR\",\"potentialAction\":[{\"@type\":\"ReadAction\",\"target\":[\"https:\\\/\\\/assolabergerie.fr\\\/index.php\\\/2024\\\/05\\\/17\\\/mai-2025-folies-bergeres-tango-marathon\\\/\"]}]},{\"@type\":\"ImageObject\",\"inLanguage\":\"fr-FR\",\"@id\":\"https:\\\/\\\/assolabergerie.fr\\\/index.php\\\/2024\\\/05\\\/17\\\/mai-2025-folies-bergeres-tango-marathon\\\/#primaryimage\",\"url\":\"https:\\\/\\\/assolabergerie.fr\\\/wp-content\\\/uploads\\\/2024\\\/05\\\/FBTM2_bandeau-FB-web.jpg\",\"contentUrl\":\"https:\\\/\\\/assolabergerie.fr\\\/wp-content\\\/uploads\\\/2024\\\/05\\\/FBTM2_bandeau-FB-web.jpg\",\"width\":1135,\"height\":420},{\"@type\":\"BreadcrumbList\",\"@id\":\"https:\\\/\\\/assolabergerie.fr\\\/index.php\\\/2024\\\/05\\\/17\\\/mai-2025-folies-bergeres-tango-marathon\\\/#breadcrumb\",\"itemListElement\":[{\"@type\":\"ListItem\",\"position\":1,\"name\":\"Accueil\",\"item\":\"https:\\\/\\\/assolabergerie.fr\\\/\"},{\"@type\":\"ListItem\",\"position\":2,\"name\":\"1-2-3 mai 2025 Folies Berg\u00e8res Tango Marathon #2 COMPLET\"}]},{\"@type\":\"WebSite\",\"@id\":\"https:\\\/\\\/assolabergerie.fr\\\/#website\",\"url\":\"https:\\\/\\\/assolabergerie.fr\\\/\",\"name\":\"ASSOCIATION LA BERGERIE\",\"description\":\"\",\"publisher\":{\"@id\":\"https:\\\/\\\/assolabergerie.fr\\\/#organization\"},\"potentialAction\":[{\"@type\":\"SearchAction\",\"target\":{\"@type\":\"EntryPoint\",\"urlTemplate\":\"https:\\\/\\\/assolabergerie.fr\\\/?s={search_term_string}\"},\"query-input\":{\"@type\":\"PropertyValueSpecification\",\"valueRequired\":true,\"valueName\":\"search_term_string\"}}],\"inLanguage\":\"fr-FR\"},{\"@type\":\"Organization\",\"@id\":\"https:\\\/\\\/assolabergerie.fr\\\/#organization\",\"name\":\"Association La Bergerie\",\"url\":\"https:\\\/\\\/assolabergerie.fr\\\/\",\"logo\":{\"@type\":\"ImageObject\",\"inLanguage\":\"fr-FR\",\"@id\":\"https:\\\/\\\/assolabergerie.fr\\\/#\\\/schema\\\/logo\\\/image\\\/\",\"url\":\"https:\\\/\\\/assolabergerie.fr\\\/wp-content\\\/uploads\\\/2023\\\/09\\\/faviconBrebis.png\",\"contentUrl\":\"https:\\\/\\\/assolabergerie.fr\\\/wp-content\\\/uploads\\\/2023\\\/09\\\/faviconBrebis.png\",\"width\":64,\"height\":64,\"caption\":\"Association La Bergerie\"},\"image\":{\"@id\":\"https:\\\/\\\/assolabergerie.fr\\\/#\\\/schema\\\/logo\\\/image\\\/\"}},{\"@type\":\"Person\",\"@id\":\"https:\\\/\\\/assolabergerie.fr\\\/#\\\/schema\\\/person\\\/73f7c2e955339a281e8a77a268ed8aea\",\"name\":\"Mathilde\",\"image\":{\"@type\":\"ImageObject\",\"inLanguage\":\"fr-FR\",\"@id\":\"https:\\\/\\\/secure.gravatar.com\\\/avatar\\\/5def61855c654ea84c356c5ef8511abb96dcecd5a657c6b8f232e8fed733e23d?s=96&d=mm&r=g\",\"url\":\"https:\\\/\\\/secure.gravatar.com\\\/avatar\\\/5def61855c654ea84c356c5ef8511abb96dcecd5a657c6b8f232e8fed733e23d?s=96&d=mm&r=g\",\"contentUrl\":\"https:\\\/\\\/secure.gravatar.com\\\/avatar\\\/5def61855c654ea84c356c5ef8511abb96dcecd5a657c6b8f232e8fed733e23d?s=96&d=mm&r=g\",\"caption\":\"Mathilde\"},\"sameAs\":[\"http:\\\/\\\/assolabergerie.fr\"],\"url\":\"https:\\\/\\\/assolabergerie.fr\\\/index.php\\\/author\\\/admin1535\\\/\"}]}<\/script>\n<!-- \/ Yoast SEO plugin. -->","yoast_head_json":{"title":"1-2-3 mai 2025  Folies Berg\u00e8res Tango Marathon #2 COMPLET - ASSOCIATION LA BERGERIE","description":"Tango marathon mai 2024","robots":{"index":"index","follow":"follow","max-snippet":"max-snippet:-1","max-image-preview":"max-image-preview:large","max-video-preview":"max-video-preview:-1"},"canonical":"https:\/\/assolabergerie.fr\/index.php\/2024\/05\/17\/mai-2025-folies-bergeres-tango-marathon\/","og_locale":"fr_FR","og_type":"article","og_title":"1-2-3 mai 2025  Folies Berg\u00e8res Tango Marathon #2 COMPLET - ASSOCIATION LA BERGERIE","og_description":"Tango marathon mai 2024","og_url":"https:\/\/assolabergerie.fr\/index.php\/2024\/05\/17\/mai-2025-folies-bergeres-tango-marathon\/","og_site_name":"ASSOCIATION LA BERGERIE","article_published_time":"2024-05-17T12:32:48+00:00","article_modified_time":"2025-05-07T19:56:04+00:00","og_image":[{"width":1135,"height":420,"url":"https:\/\/assolabergerie.fr\/wp-content\/uploads\/2024\/05\/FBTM2_bandeau-FB-web.jpg","type":"image\/jpeg"}],"author":"Mathilde","twitter_card":"summary_large_image","twitter_misc":{"\u00c9crit par":"Mathilde","Dur\u00e9e de lecture estim\u00e9e":"4 minutes"},"schema":{"@context":"https:\/\/schema.org","@graph":[{"@type":"Article","@id":"https:\/\/assolabergerie.fr\/index.php\/2024\/05\/17\/mai-2025-folies-bergeres-tango-marathon\/#article","isPartOf":{"@id":"https:\/\/assolabergerie.fr\/index.php\/2024\/05\/17\/mai-2025-folies-bergeres-tango-marathon\/"},"author":{"name":"Mathilde","@id":"https:\/\/assolabergerie.fr\/#\/schema\/person\/73f7c2e955339a281e8a77a268ed8aea"},"headline":"1-2-3 mai 2025 Folies Berg\u00e8res Tango Marathon #2 COMPLET","datePublished":"2024-05-17T12:32:48+00:00","dateModified":"2025-05-07T19:56:04+00:00","mainEntityOfPage":{"@id":"https:\/\/assolabergerie.fr\/index.php\/2024\/05\/17\/mai-2025-folies-bergeres-tango-marathon\/"},"wordCount":5372,"publisher":{"@id":"https:\/\/assolabergerie.fr\/#organization"},"image":{"@id":"https:\/\/assolabergerie.fr\/index.php\/2024\/05\/17\/mai-2025-folies-bergeres-tango-marathon\/#primaryimage"},"thumbnailUrl":"https:\/\/assolabergerie.fr\/wp-content\/uploads\/2024\/05\/FBTM2_bandeau-FB-web.jpg","articleSection":["Archive 2025"],"inLanguage":"fr-FR"},{"@type":"WebPage","@id":"https:\/\/assolabergerie.fr\/index.php\/2024\/05\/17\/mai-2025-folies-bergeres-tango-marathon\/","url":"https:\/\/assolabergerie.fr\/index.php\/2024\/05\/17\/mai-2025-folies-bergeres-tango-marathon\/","name":"1-2-3 mai 2025 Folies Berg\u00e8res Tango Marathon #2 COMPLET - ASSOCIATION LA BERGERIE","isPartOf":{"@id":"https:\/\/assolabergerie.fr\/#website"},"primaryImageOfPage":{"@id":"https:\/\/assolabergerie.fr\/index.php\/2024\/05\/17\/mai-2025-folies-bergeres-tango-marathon\/#primaryimage"},"image":{"@id":"https:\/\/assolabergerie.fr\/index.php\/2024\/05\/17\/mai-2025-folies-bergeres-tango-marathon\/#primaryimage"},"thumbnailUrl":"https:\/\/assolabergerie.fr\/wp-content\/uploads\/2024\/05\/FBTM2_bandeau-FB-web.jpg","datePublished":"2024-05-17T12:32:48+00:00","dateModified":"2025-05-07T19:56:04+00:00","description":"Tango marathon mai 2024","breadcrumb":{"@id":"https:\/\/assolabergerie.fr\/index.php\/2024\/05\/17\/mai-2025-folies-bergeres-tango-marathon\/#breadcrumb"},"inLanguage":"fr-FR","potentialAction":[{"@type":"ReadAction","target":["https:\/\/assolabergerie.fr\/index.php\/2024\/05\/17\/mai-2025-folies-bergeres-tango-marathon\/"]}]},{"@type":"ImageObject","inLanguage":"fr-FR","@id":"https:\/\/assolabergerie.fr\/index.php\/2024\/05\/17\/mai-2025-folies-bergeres-tango-marathon\/#primaryimage","url":"https:\/\/assolabergerie.fr\/wp-content\/uploads\/2024\/05\/FBTM2_bandeau-FB-web.jpg","contentUrl":"https:\/\/assolabergerie.fr\/wp-content\/uploads\/2024\/05\/FBTM2_bandeau-FB-web.jpg","width":1135,"height":420},{"@type":"BreadcrumbList","@id":"https:\/\/assolabergerie.fr\/index.php\/2024\/05\/17\/mai-2025-folies-bergeres-tango-marathon\/#breadcrumb","itemListElement":[{"@type":"ListItem","position":1,"name":"Accueil","item":"https:\/\/assolabergerie.fr\/"},{"@type":"ListItem","position":2,"name":"1-2-3 mai 2025 Folies Berg\u00e8res Tango Marathon #2 COMPLET"}]},{"@type":"WebSite","@id":"https:\/\/assolabergerie.fr\/#website","url":"https:\/\/assolabergerie.fr\/","name":"ASSOCIATION LA BERGERIE","description":"","publisher":{"@id":"https:\/\/assolabergerie.fr\/#organization"},"potentialAction":[{"@type":"SearchAction","target":{"@type":"EntryPoint","urlTemplate":"https:\/\/assolabergerie.fr\/?s={search_term_string}"},"query-input":{"@type":"PropertyValueSpecification","valueRequired":true,"valueName":"search_term_string"}}],"inLanguage":"fr-FR"},{"@type":"Organization","@id":"https:\/\/assolabergerie.fr\/#organization","name":"Association La Bergerie","url":"https:\/\/assolabergerie.fr\/","logo":{"@type":"ImageObject","inLanguage":"fr-FR","@id":"https:\/\/assolabergerie.fr\/#\/schema\/logo\/image\/","url":"https:\/\/assolabergerie.fr\/wp-content\/uploads\/2023\/09\/faviconBrebis.png","contentUrl":"https:\/\/assolabergerie.fr\/wp-content\/uploads\/2023\/09\/faviconBrebis.png","width":64,"height":64,"caption":"Association La Bergerie"},"image":{"@id":"https:\/\/assolabergerie.fr\/#\/schema\/logo\/image\/"}},{"@type":"Person","@id":"https:\/\/assolabergerie.fr\/#\/schema\/person\/73f7c2e955339a281e8a77a268ed8aea","name":"Mathilde","image":{"@type":"ImageObject","inLanguage":"fr-FR","@id":"https:\/\/secure.gravatar.com\/avatar\/5def61855c654ea84c356c5ef8511abb96dcecd5a657c6b8f232e8fed733e23d?s=96&d=mm&r=g","url":"https:\/\/secure.gravatar.com\/avatar\/5def61855c654ea84c356c5ef8511abb96dcecd5a657c6b8f232e8fed733e23d?s=96&d=mm&r=g","contentUrl":"https:\/\/secure.gravatar.com\/avatar\/5def61855c654ea84c356c5ef8511abb96dcecd5a657c6b8f232e8fed733e23d?s=96&d=mm&r=g","caption":"Mathilde"},"sameAs":["http:\/\/assolabergerie.fr"],"url":"https:\/\/assolabergerie.fr\/index.php\/author\/admin1535\/"}]}},"_links":{"self":[{"href":"https:\/\/assolabergerie.fr\/index.php\/wp-json\/wp\/v2\/posts\/637","targetHints":{"allow":["GET"]}}],"collection":[{"href":"https:\/\/assolabergerie.fr\/index.php\/wp-json\/wp\/v2\/posts"}],"about":[{"href":"https:\/\/assolabergerie.fr\/index.php\/wp-json\/wp\/v2\/types\/post"}],"author":[{"embeddable":true,"href":"https:\/\/assolabergerie.fr\/index.php\/wp-json\/wp\/v2\/users\/1"}],"replies":[{"embeddable":true,"href":"https:\/\/assolabergerie.fr\/index.php\/wp-json\/wp\/v2\/comments?post=637"}],"version-history":[{"count":19,"href":"https:\/\/assolabergerie.fr\/index.php\/wp-json\/wp\/v2\/posts\/637\/revisions"}],"predecessor-version":[{"id":1165,"href":"https:\/\/assolabergerie.fr\/index.php\/wp-json\/wp\/v2\/posts\/637\/revisions\/1165"}],"wp:featuredmedia":[{"embeddable":true,"href":"https:\/\/assolabergerie.fr\/index.php\/wp-json\/wp\/v2\/media\/914"}],"wp:attachment":[{"href":"https:\/\/assolabergerie.fr\/index.php\/wp-json\/wp\/v2\/media?parent=637"}],"wp:term":[{"taxonomy":"category","embeddable":true,"href":"https:\/\/assolabergerie.fr\/index.php\/wp-json\/wp\/v2\/categories?post=637"},{"taxonomy":"post_tag","embeddable":true,"href":"https:\/\/assolabergerie.fr\/index.php\/wp-json\/wp\/v2\/tags?post=637"}],"curies":[{"name":"wp","href":"https:\/\/api.w.org\/{rel}","templated":true}]}}